{"id":19408,"date":"2020-08-24T10:21:33","date_gmt":"2020-08-24T10:21:33","guid":{"rendered":"https:\/\/gazetaregionalna.com\/?p=19408"},"modified":"2020-08-25T07:05:20","modified_gmt":"2020-08-25T07:05:20","slug":"zakazeni-koronawirusem-w-powiecie-myszkowskim-po-weselach-i-komunii","status":"publish","type":"post","link":"https:\/\/gazetaregionalna.com\/?p=19408","title":{"rendered":"Zaka\u017ceni koronawirusem w powiecie myszkowskim po weselach i komunii"},"content":{"rendered":"\n<h2 class=\"wp-block-heading\">Zaka\u017ceni koronawirusem w powiecie myszkowskim po weselach i komunii. <\/h2>\n\n\n\n<p>S\u0142u\u017cby Wojewody \u015al\u0105skiego poinformowa\u0142y o 98 nowych,  potwierdzonych przypadkach COVID-19.  Pr\u00f3cz os\u00f3b, kt\u00f3re zakazi\u0142y si\u0119 poprzez kontakt z chorymi, zaka\u017cenia pochodz\u0105 z 4 \u017ar\u00f3de\u0142 \u2013 wszystkie dotycz\u0105 powiatu myszkowskiego, z kt\u00f3rego dzi\u015b jest 25 dodatnich mieszka\u0144c\u00f3w. W powiecie tym w ostatnich dniach nast\u0105pi\u0142 gwa\u0142towny wzrost o 67 przypadk\u00f3w. <\/p>\n\n\n\n<p> Jak wynika z ustale\u0144 Sanepidu, zaka\u017cenia w powiecie myszkowskim  pojawi\u0142y si\u0119 po 3 weselach i komunii. Po uroczysto\u015bci z 8 sierpnia z udzia\u0142em 80 weselnik\u00f3w 41 spo\u015br\u00f3d nich jest ju\u017c chorych. Tydzie\u0144 p\u00f3\u017aniej odby\u0142y si\u0119 2 kolejne wesela: jedno na 81 os\u00f3b i tutaj s\u0105 ju\u017c 3 osoby z wynikami dodatnimi.  <\/p>\n\n\n\n<p> Jak podano w komunikacie Urz\u0119du Wojew\u00f3dzkiego w Katowicach, po drugiej uroczysto\u015bci, kt\u00f3ra odby\u0142a si\u0119 na terenie wojew\u00f3dztwa \u0142\u00f3dzkiego, a w kt\u00f3rej uczestniczyli mieszka\u0144cy powiatu myszkowskiego, zaka\u017cenie COVID -19 stwierdzono ju\u017c u 16 z 80 weselnik\u00f3w.  Dodatni wynik stwierdzono tak\u017ce u pochodz\u0105cych z Myszkowa os\u00f3b bior\u0105cych udzia\u0142 w tej uroczysto\u015bci.  <\/p>\n\n\n\n<p> Z kolei dw\u00f3jka go\u015bci z wesela z 8 sierpnia w powiecie myszkowskim wybra\u0142a si\u0119 tydzie\u0144 p\u00f3\u017aniej na komuni\u0119, r\u00f3wnie\u017c w powiecie myszkowskim i niestety po tej uroczysto\u015bci obecnie jest ju\u017c 5 os\u00f3b zaka\u017conych. Od pozosta\u0142ych uczestnik\u00f3w komunii, w tym tak\u017ce dziecka przyst\u0119puj\u0105cego do sakramentu, dzi\u015b pobierane b\u0119d\u0105 wymazy. Sytuacja we wszystkich przypadkach jest rozwojowa i Sanepid nie wyklucza, \u017ce w powiecie myszkowskim w najbli\u017cszych dniach b\u0119d\u0105 kolejne zachorowania na koronawirusa.<\/p>\n","protected":false},"excerpt":{"rendered":"<p>Zaka\u017ceni koronawirusem w powiecie myszkowskim po weselach i komunii. S\u0142u\u017cby Wojewody \u015al\u0105skiego poinformowa\u0142y o 98 nowych, potwierdzonych przypadkach COVID-19. Pr\u00f3cz os\u00f3b, kt\u00f3re zakazi\u0142y si\u0119<\/p>\n","protected":false},"author":7,"featured_media":19410,"comment_status":"open","ping_status":"open","sticky":false,"template":"","format":"standard","meta":{"_monsterinsights_skip_tracking":false,"_monsterinsights_sitenote_active":false,"_monsterinsights_sitenote_note":"","_monsterinsights_sitenote_category":0,"_uf_show_specific_survey":0,"_uf_disable_surveys":false,"footnotes":""},"categories":[94,26,2],"tags":[],"class_list":["post-19408","post","type-post","status-publish","format-standard","has-post-thumbnail","hentry","category-polecane","category-myszkow","category-wiadomosci"],"_links":{"self":[{"href":"https:\/\/gazetaregionalna.com\/index.php?rest_route=\/wp\/v2\/posts\/19408","targetHints":{"allow":["GET"]}}],"collection":[{"href":"https:\/\/gazetaregionalna.com\/index.php?rest_route=\/wp\/v2\/posts"}],"about":[{"href":"https:\/\/gazetaregionalna.com\/index.php?rest_route=\/wp\/v2\/types\/post"}],"author":[{"embeddable":true,"href":"https:\/\/gazetaregionalna.com\/index.php?rest_route=\/wp\/v2\/users\/7"}],"replies":[{"embeddable":true,"href":"https:\/\/gazetaregionalna.com\/index.php?rest_route=%2Fwp%2Fv2%2Fcomments&post=19408"}],"version-history":[{"count":3,"href":"https:\/\/gazetaregionalna.com\/index.php?rest_route=\/wp\/v2\/posts\/19408\/revisions"}],"predecessor-version":[{"id":19483,"href":"https:\/\/gazetaregionalna.com\/index.php?rest_route=\/wp\/v2\/posts\/19408\/revisions\/19483"}],"wp:featuredmedia":[{"embeddable":true,"href":"https:\/\/gazetaregionalna.com\/index.php?rest_route=\/wp\/v2\/media\/19410"}],"wp:attachment":[{"href":"https:\/\/gazetaregionalna.com\/index.php?rest_route=%2Fwp%2Fv2%2Fmedia&parent=19408"}],"wp:term":[{"taxonomy":"category","embeddable":true,"href":"https:\/\/gazetaregionalna.com\/index.php?rest_route=%2Fwp%2Fv2%2Fcategories&post=19408"},{"taxonomy":"post_tag","embeddable":true,"href":"https:\/\/gazetaregionalna.com\/index.php?rest_route=%2Fwp%2Fv2%2Ftags&post=19408"}],"curies":[{"name":"wp","href":"https:\/\/api.w.org\/{rel}","templated":true}]}}