{"id":19399,"date":"2020-08-24T09:30:10","date_gmt":"2020-08-24T09:30:10","guid":{"rendered":"https:\/\/gazetaregionalna.com\/?p=19399"},"modified":"2020-08-24T09:30:12","modified_gmt":"2020-08-24T09:30:12","slug":"konkurs-na-mural","status":"publish","type":"post","link":"https:\/\/gazetaregionalna.com\/?p=19399","title":{"rendered":"Radomsko og\u0142asza konkurs na mural"},"content":{"rendered":"\n<h2 class=\"wp-block-heading\">Miasto Radomsko og\u0142asza konkurs dla ka\u017cdego kto zaprojektuje i wykona mural,\ngraffiti lub inne malowid\u0142o \u015bcienne. Tematyk\u0105 obrazu jest bezpiecze\u0144stwa w\nruchu drogowym.<\/h2>\n\n\n\n<p>Na pocz\u0105tku lipca w\u0142adze miasta podpisa\u0142y porozumienie z Komend\u0105 Powiatow\u0105\nPolicji w Radomsku oraz Szko\u0142\u0105 Jazdy Elcar okre\u015blaj\u0105ce zakres wsp\u00f3lnych dzia\u0142a\u0144\nprofilaktycznych &nbsp;na rzecz poprawy\nbezpiecze\u0144stwa w ruchu drogowym. Porozumienie w szczeg\u00f3lno\u015bci uwzgl\u0119dnienia niechronionych\nuczestnik\u00f3w ruchu na terenie miasta. <\/p>\n\n\n\n<p>W konkursie mo\u017ce wzi\u0105\u0107 udzia\u0142 ka\u017cda uzdolniona artystycznie osoba, &nbsp;kt\u00f3ra zaprojektuje i wykona obraz. Nagrod\u0105 jest&nbsp; 2 000 z\u0142 brutto. <\/p>\n\n\n\n<p>Laureat wykona mural, graffiti lub inne malowid\u0142o \u015bcienne na \u015bcianie\nbudynku MOSiR przy ul. Leszka Czarnego 22 (\u015bciana od strony skateparku).\nMotywem przewodnim jest bezpiecze\u0144stwo w ruchu\ndrogowym niechronionych uczestnik\u00f3w ruchu, czyli pieszych, rowerzyst\u00f3w czy\nu\u017cytkownik\u00f3w hulajn\u00f3g. <\/p>\n\n\n\n<p>Dodatkowe nagrody zostan\u0105 ufundowane przez KPP\nw Radomsku i Szko\u0142\u0119 Jazdy Elcar.<\/p>\n\n\n\n<p>Formularz zg\u0142oszeniowy wraz z propozycj\u0105 nazwy i projektem muralu\/graffiti\/innego malowid\u0142a \u015bciennego mo\u017cna przekaza\u0107 w nieprzekraczalnym terminie <strong>do\u00a020 wrze\u015bnia br.<\/strong>:<\/p>\n\n\n\n<ul class=\"wp-block-list\"><li>w formie elektronicznej za po\u015brednictwem poczty\nelektronicznej na adres: <a href=\"mailto:promocja@radomsko.pl\">promocja@radomsko.pl<\/a>;<\/li><li>osobi\u015bcie wraz z przekazaniem na no\u015bniku\nelektronicznym (p\u0142yta CD\/DVD lub pendrive) w Wydziale Informacji i Promocji UM\nRadomska (pok\u00f3j 120, ul. Tysi\u0105clecia 5, 97-500 Radomsko, tel. 44\/ 685 45 73, z\ndopiskiem: BEZPIECZE\u0143STWO<\/li><\/ul>\n\n\n\n<div class=\"wp-block-file\"><a href=\"https:\/\/gazetaregionalna.com\/wp-content\/uploads\/2020\/08\/REGULAMIN-KONKURSU-NA-PROJEKT-I-WYKONANIE-MURALU.docx\">Regulamin konkursu<\/a><a href=\"https:\/\/gazetaregionalna.com\/wp-content\/uploads\/2020\/08\/REGULAMIN-KONKURSU-NA-PROJEKT-I-WYKONANIE-MURALU.docx\" class=\"wp-block-file__button\" download>Pobierz<\/a><\/div>\n\n\n\n<div class=\"wp-block-file\"><a href=\"https:\/\/gazetaregionalna.com\/wp-content\/uploads\/2020\/08\/formularz-zgloszeniowy-mural-2020-bezpieczenstwo-ok1.doc\">Formularz zg\u0142oszeniowy mural<\/a><a href=\"https:\/\/gazetaregionalna.com\/wp-content\/uploads\/2020\/08\/formularz-zgloszeniowy-mural-2020-bezpieczenstwo-ok1.doc\" class=\"wp-block-file__button\" download>Pobierz<\/a><\/div>\n","protected":false},"excerpt":{"rendered":"<p>Miasto Radomsko og\u0142asza konkurs dla ka\u017cdego kto zaprojektuje i wykona mural, graffiti lub inne malowid\u0142o \u015bcienne. Tematyk\u0105 obrazu jest bezpiecze\u0144stwa w ruchu drogowym. Na<\/p>\n","protected":false},"author":12,"featured_media":19406,"comment_status":"open","ping_status":"open","sticky":false,"template":"","format":"standard","meta":{"_monsterinsights_skip_tracking":false,"_monsterinsights_sitenote_active":false,"_monsterinsights_sitenote_note":"","_monsterinsights_sitenote_category":0,"_uf_show_specific_survey":0,"_uf_disable_surveys":false,"footnotes":""},"categories":[94,28,2],"tags":[],"class_list":["post-19399","post","type-post","status-publish","format-standard","has-post-thumbnail","hentry","category-polecane","category-radomsko","category-wiadomosci"],"_links":{"self":[{"href":"https:\/\/gazetaregionalna.com\/index.php?rest_route=\/wp\/v2\/posts\/19399","targetHints":{"allow":["GET"]}}],"collection":[{"href":"https:\/\/gazetaregionalna.com\/index.php?rest_route=\/wp\/v2\/posts"}],"about":[{"href":"https:\/\/gazetaregionalna.com\/index.php?rest_route=\/wp\/v2\/types\/post"}],"author":[{"embeddable":true,"href":"https:\/\/gazetaregionalna.com\/index.php?rest_route=\/wp\/v2\/users\/12"}],"replies":[{"embeddable":true,"href":"https:\/\/gazetaregionalna.com\/index.php?rest_route=%2Fwp%2Fv2%2Fcomments&post=19399"}],"version-history":[{"count":2,"href":"https:\/\/gazetaregionalna.com\/index.php?rest_route=\/wp\/v2\/posts\/19399\/revisions"}],"predecessor-version":[{"id":19407,"href":"https:\/\/gazetaregionalna.com\/index.php?rest_route=\/wp\/v2\/posts\/19399\/revisions\/19407"}],"wp:featuredmedia":[{"embeddable":true,"href":"https:\/\/gazetaregionalna.com\/index.php?rest_route=\/wp\/v2\/media\/19406"}],"wp:attachment":[{"href":"https:\/\/gazetaregionalna.com\/index.php?rest_route=%2Fwp%2Fv2%2Fmedia&parent=19399"}],"wp:term":[{"taxonomy":"category","embeddable":true,"href":"https:\/\/gazetaregionalna.com\/index.php?rest_route=%2Fwp%2Fv2%2Fcategories&post=19399"},{"taxonomy":"post_tag","embeddable":true,"href":"https:\/\/gazetaregionalna.com\/index.php?rest_route=%2Fwp%2Fv2%2Ftags&post=19399"}],"curies":[{"name":"wp","href":"https:\/\/api.w.org\/{rel}","templated":true}]}}