{"id":19276,"date":"2020-08-21T11:14:03","date_gmt":"2020-08-21T11:14:03","guid":{"rendered":"https:\/\/gazetaregionalna.com\/?p=19276"},"modified":"2020-08-21T11:14:05","modified_gmt":"2020-08-21T11:14:05","slug":"letnie-kino-przed-miejskim-domem-kultury-w-lublincu-takze-we-wrzesniu","status":"publish","type":"post","link":"https:\/\/gazetaregionalna.com\/?p=19276","title":{"rendered":"Letnie kino przed Miejskim Domem Kultury w Lubli\u0144cu tak\u017ce we wrze\u015bniu"},"content":{"rendered":"\n<h2 class=\"wp-block-heading\">Letnie kino przed Miejskim Domem Kultury w Lubli\u0144cu tak\u017ce we wrze\u015bniu <\/h2>\n\n\n\n<figure class=\"wp-block-image size-large\"><img decoding=\"async\" width=\"960\" height=\"720\" data-src=\"https:\/\/gazetaregionalna.com\/wp-content\/uploads\/2020\/08\/kino2.jpg\" alt=\"\" class=\"wp-image-19278 lazyload\" data-srcset=\"https:\/\/gazetaregionalna.com\/wp-content\/uploads\/2020\/08\/kino2.jpg 960w, https:\/\/gazetaregionalna.com\/wp-content\/uploads\/2020\/08\/kino2-300x225.jpg 300w, https:\/\/gazetaregionalna.com\/wp-content\/uploads\/2020\/08\/kino2-768x576.jpg 768w, https:\/\/gazetaregionalna.com\/wp-content\/uploads\/2020\/08\/kino2-80x60.jpg 80w, https:\/\/gazetaregionalna.com\/wp-content\/uploads\/2020\/08\/kino2-265x198.jpg 265w, https:\/\/gazetaregionalna.com\/wp-content\/uploads\/2020\/08\/kino2-696x522.jpg 696w, https:\/\/gazetaregionalna.com\/wp-content\/uploads\/2020\/08\/kino2-560x420.jpg 560w\" data-sizes=\"(max-width: 960px) 100vw, 960px\" src=\"data:image\/svg+xml;base64,PHN2ZyB3aWR0aD0iMSIgaGVpZ2h0PSIxIiB4bWxucz0iaHR0cDovL3d3dy53My5vcmcvMjAwMC9zdmciPjwvc3ZnPg==\" style=\"--smush-placeholder-width: 960px; --smush-placeholder-aspect-ratio: 960\/720;\" \/><\/figure>\n\n\n\n<p>Letnie seanse na \u015bwie\u017cym powietrzu, przed budynkiem MDK-u  i mieszcz\u0105cego si\u0119 w nim kina &#8222;Karolinka&#8221; ciesz\u0105 si\u0119 du\u017c\u0105 popularno\u015bci\u0105 w\u015br\u00f3d mieszka\u0144c\u00f3w Lubli\u0144ca.<br> Poniewa\u017c od kilku lat wrzesie\u0144 mamy ciep\u0142y i bez deszczu, podj\u0119to decyzj\u0119, \u017ce seanse plenerowego kina b\u0119d\u0105 kontynuowane tak\u017ce w pi\u0105tkowe, wrze\u015bniowe wieczory.<br> W planach jest projekcja obraz\u00f3w &#8222;Na no\u017ce&#8221; (4 wrze\u015bnia), &#8222;Loveling&#8221; (11 wrze\u015bnia) oraz &#8222;K\u0142amstewko&#8221; (18 wrze\u015bnia).<\/p>\n\n\n\n<p>(fot. MDK Lubliniec)<\/p>\n","protected":false},"excerpt":{"rendered":"<p>Letnie kino przed Miejskim Domem Kultury w Lubli\u0144cu tak\u017ce we wrze\u015bniu Letnie seanse na \u015bwie\u017cym powietrzu, przed budynkiem MDK-u i mieszcz\u0105cego si\u0119 w nim<\/p>\n","protected":false},"author":7,"featured_media":19279,"comment_status":"open","ping_status":"open","sticky":false,"template":"","format":"standard","meta":{"_monsterinsights_skip_tracking":false,"_monsterinsights_sitenote_active":false,"_monsterinsights_sitenote_note":"","_monsterinsights_sitenote_category":0,"_uf_show_specific_survey":0,"_uf_disable_surveys":false,"footnotes":""},"categories":[12,25,94,2],"tags":[],"class_list":["post-19276","post","type-post","status-publish","format-standard","has-post-thumbnail","hentry","category-kultura-i-rozrywka","category-lubliniec","category-polecane","category-wiadomosci"],"_links":{"self":[{"href":"https:\/\/gazetaregionalna.com\/index.php?rest_route=\/wp\/v2\/posts\/19276","targetHints":{"allow":["GET"]}}],"collection":[{"href":"https:\/\/gazetaregionalna.com\/index.php?rest_route=\/wp\/v2\/posts"}],"about":[{"href":"https:\/\/gazetaregionalna.com\/index.php?rest_route=\/wp\/v2\/types\/post"}],"author":[{"embeddable":true,"href":"https:\/\/gazetaregionalna.com\/index.php?rest_route=\/wp\/v2\/users\/7"}],"replies":[{"embeddable":true,"href":"https:\/\/gazetaregionalna.com\/index.php?rest_route=%2Fwp%2Fv2%2Fcomments&post=19276"}],"version-history":[{"count":2,"href":"https:\/\/gazetaregionalna.com\/index.php?rest_route=\/wp\/v2\/posts\/19276\/revisions"}],"predecessor-version":[{"id":19280,"href":"https:\/\/gazetaregionalna.com\/index.php?rest_route=\/wp\/v2\/posts\/19276\/revisions\/19280"}],"wp:featuredmedia":[{"embeddable":true,"href":"https:\/\/gazetaregionalna.com\/index.php?rest_route=\/wp\/v2\/media\/19279"}],"wp:attachment":[{"href":"https:\/\/gazetaregionalna.com\/index.php?rest_route=%2Fwp%2Fv2%2Fmedia&parent=19276"}],"wp:term":[{"taxonomy":"category","embeddable":true,"href":"https:\/\/gazetaregionalna.com\/index.php?rest_route=%2Fwp%2Fv2%2Fcategories&post=19276"},{"taxonomy":"post_tag","embeddable":true,"href":"https:\/\/gazetaregionalna.com\/index.php?rest_route=%2Fwp%2Fv2%2Ftags&post=19276"}],"curies":[{"name":"wp","href":"https:\/\/api.w.org\/{rel}","templated":true}]}}