{"id":19237,"date":"2020-08-21T07:06:46","date_gmt":"2020-08-21T07:06:46","guid":{"rendered":"https:\/\/gazetaregionalna.com\/?p=19237"},"modified":"2020-08-21T07:06:48","modified_gmt":"2020-08-21T07:06:48","slug":"mpk-czestochowa-dojedzie-od-wrzesnia-do-mstowa","status":"publish","type":"post","link":"https:\/\/gazetaregionalna.com\/?p=19237","title":{"rendered":"MPK Cz\u0119stochowa dojedzie od wrze\u015bnia do Mstowa"},"content":{"rendered":"\n<h2 class=\"wp-block-heading\">MPK Cz\u0119stochowa dojedzie od wrze\u015bnia do Mstowa.<\/h2>\n\n\n\n<p> Po 30-letniej przerwie mieszka\u0144cy gminy ponownie b\u0119d\u0105 mogli doje\u017cd\u017ca\u0107 do Cz\u0119stochowy miejskimi autobusami. Dawne autobusy linii nr 57 od 1 wrze\u015bnia zast\u0105pi linia 30.<\/p>\n\n\n\n<figure class=\"wp-block-image size-large\"><img decoding=\"async\" width=\"1024\" height=\"787\" data-src=\"https:\/\/gazetaregionalna.com\/wp-content\/uploads\/2020\/08\/mpk1-1024x787.jpg\" alt=\"\" class=\"wp-image-19243 lazyload\" data-srcset=\"https:\/\/gazetaregionalna.com\/wp-content\/uploads\/2020\/08\/mpk1-1024x787.jpg 1024w, https:\/\/gazetaregionalna.com\/wp-content\/uploads\/2020\/08\/mpk1-300x231.jpg 300w, https:\/\/gazetaregionalna.com\/wp-content\/uploads\/2020\/08\/mpk1-768x590.jpg 768w, https:\/\/gazetaregionalna.com\/wp-content\/uploads\/2020\/08\/mpk1-80x60.jpg 80w, https:\/\/gazetaregionalna.com\/wp-content\/uploads\/2020\/08\/mpk1-696x535.jpg 696w, https:\/\/gazetaregionalna.com\/wp-content\/uploads\/2020\/08\/mpk1-1068x821.jpg 1068w, https:\/\/gazetaregionalna.com\/wp-content\/uploads\/2020\/08\/mpk1-547x420.jpg 547w, https:\/\/gazetaregionalna.com\/wp-content\/uploads\/2020\/08\/mpk1.jpg 1200w\" data-sizes=\"(max-width: 1024px) 100vw, 1024px\" src=\"data:image\/svg+xml;base64,PHN2ZyB3aWR0aD0iMSIgaGVpZ2h0PSIxIiB4bWxucz0iaHR0cDovL3d3dy53My5vcmcvMjAwMC9zdmciPjwvc3ZnPg==\" style=\"--smush-placeholder-width: 1024px; --smush-placeholder-aspect-ratio: 1024\/787;\" \/><figcaption>????????????????????????????????????<\/figcaption><\/figure>\n\n\n\n<p>Umow\u0119 w tej sprawie podpisali na rynku w Mstowie prezydent Cz\u0119stochowy Krzysztof Matyjaszczyk oraz w\u00f3jt Mstowa Tomasz G\u0119siarz.<br> Autobusy cz\u0119stochowskiego MPK przesta\u0142y kursowa\u0107 do Mstowa ponad koniec czerwca 1990 roku. Teraz w miejsce wycofanej w\u00f3wczas linii 57 do Jaskrowa, Wancerzowa, Mstowa i Siedlca doje\u017cd\u017ca\u0107 b\u0119dzie wyd\u0142u\u017cona cz\u0119stochowska linia numer 30.<\/p>\n\n\n\n<figure class=\"wp-block-image size-large\"><img decoding=\"async\" width=\"1024\" height=\"683\" data-src=\"https:\/\/gazetaregionalna.com\/wp-content\/uploads\/2020\/08\/mpk2-1024x683.jpg\" alt=\"\" class=\"wp-image-19242 lazyload\" data-srcset=\"https:\/\/gazetaregionalna.com\/wp-content\/uploads\/2020\/08\/mpk2-1024x683.jpg 1024w, https:\/\/gazetaregionalna.com\/wp-content\/uploads\/2020\/08\/mpk2-300x200.jpg 300w, https:\/\/gazetaregionalna.com\/wp-content\/uploads\/2020\/08\/mpk2-768x512.jpg 768w, https:\/\/gazetaregionalna.com\/wp-content\/uploads\/2020\/08\/mpk2-1536x1024.jpg 1536w, https:\/\/gazetaregionalna.com\/wp-content\/uploads\/2020\/08\/mpk2-696x464.jpg 696w, https:\/\/gazetaregionalna.com\/wp-content\/uploads\/2020\/08\/mpk2-1068x712.jpg 1068w, https:\/\/gazetaregionalna.com\/wp-content\/uploads\/2020\/08\/mpk2-630x420.jpg 630w, https:\/\/gazetaregionalna.com\/wp-content\/uploads\/2020\/08\/mpk2.jpg 1200w\" data-sizes=\"(max-width: 1024px) 100vw, 1024px\" src=\"data:image\/svg+xml;base64,PHN2ZyB3aWR0aD0iMSIgaGVpZ2h0PSIxIiB4bWxucz0iaHR0cDovL3d3dy53My5vcmcvMjAwMC9zdmciPjwvc3ZnPg==\" style=\"--smush-placeholder-width: 1024px; --smush-placeholder-aspect-ratio: 1024\/683;\" \/><\/figure>\n\n\n\n<p><br> Jak informuje samorz\u0105d Mstowa, trasa \u201etrzydziestki\u201d od przysz\u0142ego miesi\u0105ca ulegnie przed\u0142u\u017ceniu o 10 kilometr\u00f3w w jedn\u0105 stron\u0119. Na trasie powstanie w zwi\u0105zku z tym 12 nowych przystank\u00f3w. Jak podliczy\u0142y obydwa samorz\u0105dy, w zasi\u0119gu wsp\u00f3lnie zorganizowanego publicznego transportu zbiorowego znajdzie si\u0119 ponad 5 tysi\u0119cy mieszka\u0144c\u00f3w Mstowa, co daje oko\u0142o 50 procent wszystkich os\u00f3b zamieszkuj\u0105cych gmin\u0119.<\/p>\n\n\n\n<p>MPK zapewni na wyd\u0142u\u017conej trasie autobusy 18-metrowe, przegubowe, cz\u0119\u015b\u0107 z nich b\u0119dzie wyposa\u017conych w klimatyzacj\u0119. Kr\u00f3tsze pojazdy przewidziano do obs\u0142ugiwania kurs\u00f3w weekendowych oraz trasach skr\u00f3conych do Jaskrowa (p\u0119tla Jaskr\u00f3w Wille).<br> (fot. UG Mst\u00f3w).<br> <br> <\/p>\n","protected":false},"excerpt":{"rendered":"<p>MPK Cz\u0119stochowa dojedzie od wrze\u015bnia do Mstowa. Po 30-letniej przerwie mieszka\u0144cy gminy ponownie b\u0119d\u0105 mogli doje\u017cd\u017ca\u0107 do Cz\u0119stochowy miejskimi autobusami. Dawne autobusy linii nr<\/p>\n","protected":false},"author":7,"featured_media":19158,"comment_status":"open","ping_status":"open","sticky":false,"template":"","format":"standard","meta":{"_monsterinsights_skip_tracking":false,"_monsterinsights_sitenote_active":false,"_monsterinsights_sitenote_note":"","_monsterinsights_sitenote_category":0,"_uf_show_specific_survey":0,"_uf_disable_surveys":false,"footnotes":""},"categories":[94,3,4,2],"tags":[],"class_list":["post-19237","post","type-post","status-publish","format-standard","has-post-thumbnail","hentry","category-polecane","category-czestochowa-informacje","category-region","category-wiadomosci"],"_links":{"self":[{"href":"https:\/\/gazetaregionalna.com\/index.php?rest_route=\/wp\/v2\/posts\/19237","targetHints":{"allow":["GET"]}}],"collection":[{"href":"https:\/\/gazetaregionalna.com\/index.php?rest_route=\/wp\/v2\/posts"}],"about":[{"href":"https:\/\/gazetaregionalna.com\/index.php?rest_route=\/wp\/v2\/types\/post"}],"author":[{"embeddable":true,"href":"https:\/\/gazetaregionalna.com\/index.php?rest_route=\/wp\/v2\/users\/7"}],"replies":[{"embeddable":true,"href":"https:\/\/gazetaregionalna.com\/index.php?rest_route=%2Fwp%2Fv2%2Fcomments&post=19237"}],"version-history":[{"count":5,"href":"https:\/\/gazetaregionalna.com\/index.php?rest_route=\/wp\/v2\/posts\/19237\/revisions"}],"predecessor-version":[{"id":19244,"href":"https:\/\/gazetaregionalna.com\/index.php?rest_route=\/wp\/v2\/posts\/19237\/revisions\/19244"}],"wp:featuredmedia":[{"embeddable":true,"href":"https:\/\/gazetaregionalna.com\/index.php?rest_route=\/wp\/v2\/media\/19158"}],"wp:attachment":[{"href":"https:\/\/gazetaregionalna.com\/index.php?rest_route=%2Fwp%2Fv2%2Fmedia&parent=19237"}],"wp:term":[{"taxonomy":"category","embeddable":true,"href":"https:\/\/gazetaregionalna.com\/index.php?rest_route=%2Fwp%2Fv2%2Fcategories&post=19237"},{"taxonomy":"post_tag","embeddable":true,"href":"https:\/\/gazetaregionalna.com\/index.php?rest_route=%2Fwp%2Fv2%2Ftags&post=19237"}],"curies":[{"name":"wp","href":"https:\/\/api.w.org\/{rel}","templated":true}]}}