{"id":19225,"date":"2020-08-21T01:10:54","date_gmt":"2020-08-21T01:10:54","guid":{"rendered":"https:\/\/gazetaregionalna.com\/?p=19225"},"modified":"2020-08-24T12:57:41","modified_gmt":"2020-08-24T12:57:41","slug":"cma-bukszpanowa-i-regeneracja-bukszpanu","status":"publish","type":"post","link":"https:\/\/gazetaregionalna.com\/?p=19225","title":{"rendered":"\u0106ma bukszpanowa i regeneracja bukszpanu"},"content":{"rendered":"\n<h2 class=\"wp-block-heading\">\u0106ma bukszpanowa i regeneracja bukszpanu.<\/h2>\n\n\n\n<p><br> Wyg\u0142odnia\u0142e g\u0105sienice \u0107my bukszpanowej niszcz\u0105 w ekspresowym tempie bukszpany i wiele innych krzew\u00f3w ozdobnych (m.in.: trzmielina, laurowi\u015bnia, wrzosowate). W Polsce \u0107ma bukszpanowa (Cydalima perspectalis) nie ma naturalnych wrog\u00f3w, dlatego jest tak uci\u0105\u017cliwa.<br> Po czym pozna\u0107, \u017ce \u0107ma \u017ceruje na ro\u015blinie?<br> Przygl\u0105daj\u0105c si\u0119 krzewom bukszpanu, mo\u017cna dostrzec: obgryzione brzegi li\u015bci, zjedzone ca\u0142e li\u015bcie, pozostawione grudy odchod\u00f3w, spustoszenie na krzewach, krzewy pokryte prz\u0119dz\u0105, zamieranie bukszpanu, usychanie w konsekwencji uszkodzenia ro\u015bliny.<\/p>\n\n\n\n<figure class=\"wp-block-image size-large\"><img decoding=\"async\" width=\"768\" height=\"1024\" data-src=\"https:\/\/gazetaregionalna.com\/wp-content\/uploads\/2020\/08\/bukszpan-po-\u017cerowaniu-768x1024.jpg\" alt=\"\" class=\"wp-image-19228 lazyload\" data-srcset=\"https:\/\/gazetaregionalna.com\/wp-content\/uploads\/2020\/08\/bukszpan-po-\u017cerowaniu-768x1024.jpg 768w, https:\/\/gazetaregionalna.com\/wp-content\/uploads\/2020\/08\/bukszpan-po-\u017cerowaniu-225x300.jpg 225w, https:\/\/gazetaregionalna.com\/wp-content\/uploads\/2020\/08\/bukszpan-po-\u017cerowaniu-1152x1536.jpg 1152w, https:\/\/gazetaregionalna.com\/wp-content\/uploads\/2020\/08\/bukszpan-po-\u017cerowaniu-696x928.jpg 696w, https:\/\/gazetaregionalna.com\/wp-content\/uploads\/2020\/08\/bukszpan-po-\u017cerowaniu-1068x1424.jpg 1068w, https:\/\/gazetaregionalna.com\/wp-content\/uploads\/2020\/08\/bukszpan-po-\u017cerowaniu-315x420.jpg 315w, https:\/\/gazetaregionalna.com\/wp-content\/uploads\/2020\/08\/bukszpan-po-\u017cerowaniu.jpg 1200w\" data-sizes=\"(max-width: 768px) 100vw, 768px\" src=\"data:image\/svg+xml;base64,PHN2ZyB3aWR0aD0iMSIgaGVpZ2h0PSIxIiB4bWxucz0iaHR0cDovL3d3dy53My5vcmcvMjAwMC9zdmciPjwvc3ZnPg==\" style=\"--smush-placeholder-width: 768px; --smush-placeholder-aspect-ratio: 768\/1024;\" \/><\/figure>\n\n\n\n<p><br> <strong>Zwalczanie g\u0105sienicy my bukszpanowej<\/strong><br> Do walki stosuje si\u0119 insektycyd biologiczny, bezpo\u015brednio przeznaczony do profesjonalnego, selektywnego zwalczania g\u0105sienicy \u0107my bukszpanowej, zawieraj\u0105cy Bacillus thuringiensis var. Aizawai szczep ABTS-1857. \u017bo\u0142\u0105dkowe dzia\u0142anie \u015brodka na g\u0105sienice wymaga starannego pokrycia suchego bukszpanu ciecz\u0105 u\u017cytkow\u0105 preparatu, wiedz\u0105 o tym do\u015bwiadczeni ogrodnicy i sprzedawcy. Oprysku nie nale\u017cy wykonywa\u0107 w razie spodziewanego opadu deszczu i do 6 godzin po opadach. Po spo\u017cyciu \u015brodka g\u0105sienice przestaj\u0105 \u017cerowa\u0107, a nast\u0119pnie gin\u0105 po up\u0142ywie 24-72 godzin. Powt\u00f3rne zastosowanie preparatu jest mo\u017cliwe po up\u0142ywie 6 dni.<\/p>\n\n\n\n<figure class=\"wp-block-image size-large\"><img decoding=\"async\" width=\"1024\" height=\"682\" data-src=\"https:\/\/gazetaregionalna.com\/wp-content\/uploads\/2020\/08\/g\u0105sienica.jpg\" alt=\"\" class=\"wp-image-19229 lazyload\" data-srcset=\"https:\/\/gazetaregionalna.com\/wp-content\/uploads\/2020\/08\/g\u0105sienica.jpg 1024w, https:\/\/gazetaregionalna.com\/wp-content\/uploads\/2020\/08\/g\u0105sienica-300x200.jpg 300w, https:\/\/gazetaregionalna.com\/wp-content\/uploads\/2020\/08\/g\u0105sienica-768x512.jpg 768w, https:\/\/gazetaregionalna.com\/wp-content\/uploads\/2020\/08\/g\u0105sienica-696x464.jpg 696w, https:\/\/gazetaregionalna.com\/wp-content\/uploads\/2020\/08\/g\u0105sienica-631x420.jpg 631w\" data-sizes=\"(max-width: 1024px) 100vw, 1024px\" src=\"data:image\/svg+xml;base64,PHN2ZyB3aWR0aD0iMSIgaGVpZ2h0PSIxIiB4bWxucz0iaHR0cDovL3d3dy53My5vcmcvMjAwMC9zdmciPjwvc3ZnPg==\" style=\"--smush-placeholder-width: 1024px; --smush-placeholder-aspect-ratio: 1024\/682;\" \/><\/figure>\n\n\n\n<p><br><strong> Regeneracja bukszpanu<\/strong><br> Istotnym dzia\u0142aniem w regeneracji bukszpanu jest jego wzmocnienie i od\u017cywienie. Chc\u0105c, by szybko powr\u00f3ci\u0142a \u015bwietno\u015b\u0107 bukszpanu nale\u017cy zastosowa\u0107 dwa specjalistyczne preparaty do piel\u0119gnacji bukszpanu:<br> Preparat, kt\u00f3ry nale\u017cy zastosowa\u0107 po zwalczeniu g\u0105sienic oraz po ci\u0119ciu bukszpanu, to \u015brodek dolistny, Topbuxus Health \u2013 mix, wyr\u00f3\u017cniony w Polsce dwoma Z\u0142otymi Medalami w 2018r i 2017r. Mi\u0119dzynarodowych Targ\u00f3w w Poznaniu. Topbuxus Health-mix jest preparatem w 100% na naturalnej bazie z zawarto\u015bci\u0105 pierwiastk\u00f3w \u015bladowych. Wzmacnia kom\u00f3rki ro\u015blin, poprawia spr\u0119\u017cysto\u015b\u0107. <\/p>\n\n\n\n<figure class=\"wp-block-image size-large\"><img decoding=\"async\" width=\"791\" height=\"762\" data-src=\"https:\/\/gazetaregionalna.com\/wp-content\/uploads\/2020\/08\/Topbuxus-Grow.jpg\" alt=\"\" class=\"wp-image-19230 lazyload\" data-srcset=\"https:\/\/gazetaregionalna.com\/wp-content\/uploads\/2020\/08\/Topbuxus-Grow.jpg 791w, https:\/\/gazetaregionalna.com\/wp-content\/uploads\/2020\/08\/Topbuxus-Grow-300x289.jpg 300w, https:\/\/gazetaregionalna.com\/wp-content\/uploads\/2020\/08\/Topbuxus-Grow-768x740.jpg 768w, https:\/\/gazetaregionalna.com\/wp-content\/uploads\/2020\/08\/Topbuxus-Grow-696x670.jpg 696w, https:\/\/gazetaregionalna.com\/wp-content\/uploads\/2020\/08\/Topbuxus-Grow-436x420.jpg 436w\" data-sizes=\"(max-width: 791px) 100vw, 791px\" src=\"data:image\/svg+xml;base64,PHN2ZyB3aWR0aD0iMSIgaGVpZ2h0PSIxIiB4bWxucz0iaHR0cDovL3d3dy53My5vcmcvMjAwMC9zdmciPjwvc3ZnPg==\" style=\"--smush-placeholder-width: 791px; --smush-placeholder-aspect-ratio: 791\/762;\" \/><figcaption>OLYMPUS DIGITAL CAMERA<\/figcaption><\/figure>\n\n\n\n<p>Zatrzymuje i likwiduje choroby grzybowe. Stosowany regularnie uodparnia na Cylindrocladium. Dzi\u0119ki niemu li\u015bcie staj\u0105 si\u0119 zielone i b\u0142yszcz\u0105ce. Bezpieczny dla ludzi, zwierz\u0105t i owad\u00f3w. Wydajny, \u0142atwy w u\u017cyciu, do upraw w gruncie i donicy.<br> W piel\u0119gnacji bukszpanu niezb\u0119dne jest tak\u017ce nawo\u017cenie krzew\u00f3w preparatem Topbuxus Grow. Topbuxus Grow jest idealnym, w pe\u0142ni zbilansowanym, podstawowym nawozem dla bukszpan\u00f3w. Krzewy te s\u0105 specyficznymi ro\u015blinami, potrzebuj\u0105 w odpowiednim czasie, odpowiedniej ilo\u015bci siarki, magnezu, wapnia i potasu. Prawid\u0142owy stosunek NPK jest niezb\u0119dny. Topbuxus Grow jest nawozem, kt\u00f3ry spe\u0142nia te wszystkie wymagania. Szybko wch\u0142aniany przez ro\u015bliny sprawia, \u017ce efekty s\u0105 widoczne w kr\u00f3tkim czasie. Odpowiednio od\u017cywia bukszpany podczas wzrostu, utrzymuje bukszpan zdrowy i bez \u017c\u00f3\u0142tych li\u015bci.<br><strong> Wi\u0119cej informacji na temat piel\u0119gnacji bukszpanu na: www.centrumzieleni.eu<br> Wszystkie wymienione preparaty do piel\u0119gnacji bukszpanu dost\u0119pne s\u0105 w sklepie ogrodniczo \u2013 zoologicznym \u201eOSKAR\u201d przy Alei Pokoju 4 w Cz\u0119stochowie.<\/strong><\/p>\n\n\n\n<figure class=\"wp-block-image size-large\"><img decoding=\"async\" width=\"724\" height=\"1024\" data-src=\"https:\/\/gazetaregionalna.com\/wp-content\/uploads\/2020\/08\/DRUK-\u0106MA-I-REGENERACJA-724x1024.jpg\" alt=\"\" class=\"wp-image-19431 lazyload\" data-srcset=\"https:\/\/gazetaregionalna.com\/wp-content\/uploads\/2020\/08\/DRUK-\u0106MA-I-REGENERACJA-724x1024.jpg 724w, https:\/\/gazetaregionalna.com\/wp-content\/uploads\/2020\/08\/DRUK-\u0106MA-I-REGENERACJA-212x300.jpg 212w, https:\/\/gazetaregionalna.com\/wp-content\/uploads\/2020\/08\/DRUK-\u0106MA-I-REGENERACJA-768x1086.jpg 768w, https:\/\/gazetaregionalna.com\/wp-content\/uploads\/2020\/08\/DRUK-\u0106MA-I-REGENERACJA-1086x1536.jpg 1086w, https:\/\/gazetaregionalna.com\/wp-content\/uploads\/2020\/08\/DRUK-\u0106MA-I-REGENERACJA-696x984.jpg 696w, https:\/\/gazetaregionalna.com\/wp-content\/uploads\/2020\/08\/DRUK-\u0106MA-I-REGENERACJA-1068x1510.jpg 1068w, https:\/\/gazetaregionalna.com\/wp-content\/uploads\/2020\/08\/DRUK-\u0106MA-I-REGENERACJA-297x420.jpg 297w, https:\/\/gazetaregionalna.com\/wp-content\/uploads\/2020\/08\/DRUK-\u0106MA-I-REGENERACJA.jpg 1132w\" data-sizes=\"(max-width: 724px) 100vw, 724px\" src=\"data:image\/svg+xml;base64,PHN2ZyB3aWR0aD0iMSIgaGVpZ2h0PSIxIiB4bWxucz0iaHR0cDovL3d3dy53My5vcmcvMjAwMC9zdmciPjwvc3ZnPg==\" style=\"--smush-placeholder-width: 724px; --smush-placeholder-aspect-ratio: 724\/1024;\" \/><\/figure>\n","protected":false},"excerpt":{"rendered":"<p>\u0106ma bukszpanowa i regeneracja bukszpanu. Wyg\u0142odnia\u0142e g\u0105sienice \u0107my bukszpanowej niszcz\u0105 w ekspresowym tempie bukszpany i wiele innych krzew\u00f3w ozdobnych (m.in.: trzmielina, laurowi\u015bnia, wrzosowate). W<\/p>\n","protected":false},"author":7,"featured_media":19231,"comment_status":"open","ping_status":"open","sticky":false,"template":"","format":"standard","meta":{"_monsterinsights_skip_tracking":false,"_monsterinsights_sitenote_active":false,"_monsterinsights_sitenote_note":"","_monsterinsights_sitenote_category":0,"_uf_show_specific_survey":0,"_uf_disable_surveys":false,"footnotes":""},"categories":[94,34,2],"tags":[],"class_list":["post-19225","post","type-post","status-publish","format-standard","has-post-thumbnail","hentry","category-polecane","category-ogrod","category-wiadomosci"],"_links":{"self":[{"href":"https:\/\/gazetaregionalna.com\/index.php?rest_route=\/wp\/v2\/posts\/19225","targetHints":{"allow":["GET"]}}],"collection":[{"href":"https:\/\/gazetaregionalna.com\/index.php?rest_route=\/wp\/v2\/posts"}],"about":[{"href":"https:\/\/gazetaregionalna.com\/index.php?rest_route=\/wp\/v2\/types\/post"}],"author":[{"embeddable":true,"href":"https:\/\/gazetaregionalna.com\/index.php?rest_route=\/wp\/v2\/users\/7"}],"replies":[{"embeddable":true,"href":"https:\/\/gazetaregionalna.com\/index.php?rest_route=%2Fwp%2Fv2%2Fcomments&post=19225"}],"version-history":[{"count":6,"href":"https:\/\/gazetaregionalna.com\/index.php?rest_route=\/wp\/v2\/posts\/19225\/revisions"}],"predecessor-version":[{"id":19434,"href":"https:\/\/gazetaregionalna.com\/index.php?rest_route=\/wp\/v2\/posts\/19225\/revisions\/19434"}],"wp:featuredmedia":[{"embeddable":true,"href":"https:\/\/gazetaregionalna.com\/index.php?rest_route=\/wp\/v2\/media\/19231"}],"wp:attachment":[{"href":"https:\/\/gazetaregionalna.com\/index.php?rest_route=%2Fwp%2Fv2%2Fmedia&parent=19225"}],"wp:term":[{"taxonomy":"category","embeddable":true,"href":"https:\/\/gazetaregionalna.com\/index.php?rest_route=%2Fwp%2Fv2%2Fcategories&post=19225"},{"taxonomy":"post_tag","embeddable":true,"href":"https:\/\/gazetaregionalna.com\/index.php?rest_route=%2Fwp%2Fv2%2Ftags&post=19225"}],"curies":[{"name":"wp","href":"https:\/\/api.w.org\/{rel}","templated":true}]}}