{"id":19203,"date":"2020-08-20T07:52:35","date_gmt":"2020-08-20T07:52:35","guid":{"rendered":"https:\/\/gazetaregionalna.com\/?p=19203"},"modified":"2020-08-20T07:52:37","modified_gmt":"2020-08-20T07:52:37","slug":"bocar-wlokniarz-5","status":"publish","type":"post","link":"https:\/\/gazetaregionalna.com\/?p=19203","title":{"rendered":"Juniorzy Bocar W\u0142\u00f3kniarz najlepsi we Wroc\u0142awiu podczas DMPJ. Zdobyli razem 41 punkt\u00f3w"},"content":{"rendered":"\n<p>\u017bu\u017clowcy Bocar W\u0142\u00f3kniarz\nCz\u0119stochowa wygrali we Wroc\u0142awiu runde Dru\u017cynowych Mistrozstw\nPolski Junior\u00f3w. Drugie miejsce wywalczyli gospodarze Sparta\nWroc\u0142aw, a trzecie Orze\u0142 \u0141\u00f3d\u017a.<\/p>\n\n\n\n<p>W sk\u0142adzie Bocar W\u0142\u00f3kniarz znale\u017ali si\u0119: <strong>Mateusz \u015awidnicki<\/strong>, <strong>Jakub Mi\u015bkowiak<\/strong>,<strong> Bartosz Kowalski<\/strong> i <strong>Kamil Kr\u00f3l<\/strong>. \u201eKr\u00f3lem\u201d wroc\u0142awskiego toru w \u015brod\u0119 by\u0142 jednak <strong>Jakub Mi\u015bkowiak<\/strong>, kt\u00f3ry zdoby\u0142 dla Bocar W\u0142\u00f3kniarza komplet 15 punkt\u00f3w. 12 punkt\u00f3w do\u0142o\u017cy\u0142 <strong>Mateusz \u015awidnicki<\/strong>, 11 <strong>Bartosz Kowalski<\/strong> i 3 <strong>Kamil Kr\u00f3l<\/strong>. Bocar W\u0142\u00f3kniarz zdoby\u0142 \u0142\u0105cznie 41 punkt\u00f3w co da\u0142o mu 1. miejsce w turnieju. Drugie miejsce z 36 punktami zaj\u0119\u0142a Sparta Wroc\u0142aw, trzeci by\u0142 Orze\u0142 \u0141\u00f3d\u017a (24 punkty), a czwarta Ostrovia Ostr\u00f3w Wielkopolski (17 punkt\u00f3w).  <\/p>\n\n\n\n<figure class=\"wp-block-image size-large\"><img decoding=\"async\" width=\"1024\" height=\"683\" data-src=\"https:\/\/gazetaregionalna.com\/wp-content\/uploads\/2020\/08\/CKM-Motor-16-1024x683.jpg\" alt=\"\" class=\"wp-image-17655 lazyload\" data-srcset=\"https:\/\/gazetaregionalna.com\/wp-content\/uploads\/2020\/08\/CKM-Motor-16-1024x683.jpg 1024w, https:\/\/gazetaregionalna.com\/wp-content\/uploads\/2020\/08\/CKM-Motor-16-300x200.jpg 300w, https:\/\/gazetaregionalna.com\/wp-content\/uploads\/2020\/08\/CKM-Motor-16-768x512.jpg 768w, https:\/\/gazetaregionalna.com\/wp-content\/uploads\/2020\/08\/CKM-Motor-16-1536x1024.jpg 1536w, https:\/\/gazetaregionalna.com\/wp-content\/uploads\/2020\/08\/CKM-Motor-16-696x464.jpg 696w, https:\/\/gazetaregionalna.com\/wp-content\/uploads\/2020\/08\/CKM-Motor-16-1068x712.jpg 1068w, https:\/\/gazetaregionalna.com\/wp-content\/uploads\/2020\/08\/CKM-Motor-16-630x420.jpg 630w, https:\/\/gazetaregionalna.com\/wp-content\/uploads\/2020\/08\/CKM-Motor-16.jpg 1200w\" data-sizes=\"(max-width: 1024px) 100vw, 1024px\" src=\"data:image\/svg+xml;base64,PHN2ZyB3aWR0aD0iMSIgaGVpZ2h0PSIxIiB4bWxucz0iaHR0cDovL3d3dy53My5vcmcvMjAwMC9zdmciPjwvc3ZnPg==\" style=\"--smush-placeholder-width: 1024px; --smush-placeholder-aspect-ratio: 1024\/683;\" \/><\/figure>\n\n\n\n<p>Dobra dyspozycja cz\u0119stochowskich junior\u00f3w to dobry prognostyk przed pi\u0105tkowym meczem PGE Ekstraligi Eltrox W\u0142\u00f3kniarza z Moje Bermudy Stal\u0105 Gorz\u00f3w. Ten mecz odb\u0119dzie si\u0119 w pi\u0105tek o godz. 20:30 w Cz\u0119stochowie. Dla podopiecznych trenera <strong>Marka Cie\u015blaka<\/strong> b\u0119dzie to bardzo wa\u017cny mecz. Zwyci\u0119stwo przybli\u017cy cz\u0119stochowskich \u017cu\u017clowc\u00f3w do czo\u0142owej czw\u00f3rki i walki o medale. <\/p>\n\n\n\n<p>Foto Gazeta Regionalna  <\/p>\n","protected":false},"excerpt":{"rendered":"<p>\u017bu\u017clowcy Bocar W\u0142\u00f3kniarz Cz\u0119stochowa wygrali we Wroc\u0142awiu runde Dru\u017cynowych Mistrozstw Polski Junior\u00f3w. Drugie miejsce wywalczyli gospodarze Sparta Wroc\u0142aw, a trzecie Orze\u0142 \u0141\u00f3d\u017a. W sk\u0142adzie<\/p>\n","protected":false},"author":15,"featured_media":18669,"comment_status":"open","ping_status":"open","sticky":false,"template":"","format":"standard","meta":{"_monsterinsights_skip_tracking":false,"_monsterinsights_sitenote_active":false,"_monsterinsights_sitenote_note":"","_monsterinsights_sitenote_category":0,"_uf_show_specific_survey":0,"_uf_disable_surveys":false,"footnotes":""},"categories":[5,7],"tags":[324,539],"class_list":["post-19203","post","type-post","status-publish","format-standard","has-post-thumbnail","hentry","category-sport","category-zuzel","tag-bocar-wlokniarz-czestochowa","tag-marek-cieslak"],"_links":{"self":[{"href":"https:\/\/gazetaregionalna.com\/index.php?rest_route=\/wp\/v2\/posts\/19203","targetHints":{"allow":["GET"]}}],"collection":[{"href":"https:\/\/gazetaregionalna.com\/index.php?rest_route=\/wp\/v2\/posts"}],"about":[{"href":"https:\/\/gazetaregionalna.com\/index.php?rest_route=\/wp\/v2\/types\/post"}],"author":[{"embeddable":true,"href":"https:\/\/gazetaregionalna.com\/index.php?rest_route=\/wp\/v2\/users\/15"}],"replies":[{"embeddable":true,"href":"https:\/\/gazetaregionalna.com\/index.php?rest_route=%2Fwp%2Fv2%2Fcomments&post=19203"}],"version-history":[{"count":2,"href":"https:\/\/gazetaregionalna.com\/index.php?rest_route=\/wp\/v2\/posts\/19203\/revisions"}],"predecessor-version":[{"id":19205,"href":"https:\/\/gazetaregionalna.com\/index.php?rest_route=\/wp\/v2\/posts\/19203\/revisions\/19205"}],"wp:featuredmedia":[{"embeddable":true,"href":"https:\/\/gazetaregionalna.com\/index.php?rest_route=\/wp\/v2\/media\/18669"}],"wp:attachment":[{"href":"https:\/\/gazetaregionalna.com\/index.php?rest_route=%2Fwp%2Fv2%2Fmedia&parent=19203"}],"wp:term":[{"taxonomy":"category","embeddable":true,"href":"https:\/\/gazetaregionalna.com\/index.php?rest_route=%2Fwp%2Fv2%2Fcategories&post=19203"},{"taxonomy":"post_tag","embeddable":true,"href":"https:\/\/gazetaregionalna.com\/index.php?rest_route=%2Fwp%2Fv2%2Ftags&post=19203"}],"curies":[{"name":"wp","href":"https:\/\/api.w.org\/{rel}","templated":true}]}}