{"id":19172,"date":"2020-08-25T17:17:26","date_gmt":"2020-08-25T17:17:26","guid":{"rendered":"https:\/\/gazetaregionalna.com\/?p=19172"},"modified":"2020-08-26T10:56:20","modified_gmt":"2020-08-26T10:56:20","slug":"pomoc-kamilowi-stawiarzowi","status":"publish","type":"post","link":"https:\/\/gazetaregionalna.com\/?p=19172","title":{"rendered":"Aktorka Sylwia Oksiuta-Warmus zach\u0119ca do pomocy Kamilowi Stawiarzowi. 23-latek zbiera na operacj\u0119"},"content":{"rendered":"\n<h2 class=\"wp-block-heading\">Kamil Stawiarz urodzi\u0142 si\u0119 jako wcze\u015bniak z nieukszta\u0142towan\u0105 ma\u0142\u017cowin\u0105 uszn\u0105. 23-latek zbiera \u015brodki na operacj\u0119 rekonstrukcji ucha. Potrzeba a\u017c 160 tys. z\u0142. Do przy\u0142\u0105czenia si\u0119 do zbi\u00f3rki na jego rzecz zach\u0119ca Sylwia Oksiuta-Warmus, aktorka Teatru im. Mickiewicza w Cz\u0119stochowie.<\/h2>\n\n\n\n<p><strong>Kamil Stawiarz <\/strong>pochodzi z Krakowa. Urodzi\u0142 si\u0119 jako wcze\u015bniak z praw\u0105 nieukszta\u0142towan\u0105 ma\u0142\u017cowin\u0105 uszn\u0105 i  brakiem przewodu s\u0142uchowego. &#8211; M\u00f3j pierwszy rok \u017cycia sp\u0119dzi\u0142em w  szpitalu, gdzie wielokrotnie walczy\u0142em o \u017cycie. Aby lekarze w og\u00f3le si\u0119  zgodzili na wypisanie mnie ze szpitala, rodzice musieli zda\u0107 kurs  medyczny i nauczy\u0107 si\u0119 wyci\u0105ga\u0107 rurk\u0119 tracheotomijn\u0105. Musieli nauczy\u0107  si\u0119 wszystkiego, by m\u00f3c mnie uratowa\u0107, gdy nast\u0105pi najgorsze &#8211; wspomina 23-latek na stronie swoje zbi\u00f3rki organizowanej pod has\u0142em <strong>&#8222;Zbyt wiele w \u017cyciu przeszed\u0142em, aby teraz si\u0119 podda\u0107. Prosz\u0119, pom\u00f3\u017c!&#8221;<\/strong>.<\/p>\n\n\n\n<h2 class=\"wp-block-heading\">&#8222;B\u0119d\u0119 m\u00f3g\u0142 w ko\u0144cu us\u0142ysze\u0107 \u015bwiat tak, jak brzmi naprawd\u0119\u2026&#8221;<\/h2>\n\n\n\n<figure class=\"wp-block-image size-large\"><img decoding=\"async\" width=\"655\" height=\"409\" data-src=\"https:\/\/gazetaregionalna.com\/wp-content\/uploads\/2020\/08\/Kamil_Stawiarz.jpg\" alt=\"\" class=\"wp-image-19181 lazyload\" data-srcset=\"https:\/\/gazetaregionalna.com\/wp-content\/uploads\/2020\/08\/Kamil_Stawiarz.jpg 655w, https:\/\/gazetaregionalna.com\/wp-content\/uploads\/2020\/08\/Kamil_Stawiarz-300x187.jpg 300w\" data-sizes=\"(max-width: 655px) 100vw, 655px\" src=\"data:image\/svg+xml;base64,PHN2ZyB3aWR0aD0iMSIgaGVpZ2h0PSIxIiB4bWxucz0iaHR0cDovL3d3dy53My5vcmcvMjAwMC9zdmciPjwvc3ZnPg==\" style=\"--smush-placeholder-width: 655px; --smush-placeholder-aspect-ratio: 655\/409;\" \/><figcaption>Kamil Stawiarz (mat. ze strony zbi\u00f3rki na stronie www.siepomaga.pl)<\/figcaption><\/figure>\n\n\n\n<p>Pierwsz\u0105 operacj\u0119 rekonstrukcji Kamil przeszed\u0142 jako 15-latek. Nie  powiod\u0142a si\u0119. Dzi\u015b ma ju\u017c na swoim koncie osiem operacji i wiele cierpienia, nie tylko fizycznego. &#8211;  Teraz jestem ju\u017c doros\u0142y. Zacz\u0105\u0142em na w\u0142asn\u0105 r\u0119k\u0119 szuka\u0107 specjalisty,  kt\u00f3ry m\u00f3g\u0142by mi pom\u00f3c. Zadania rekonstrukcji ucha podj\u0105\u0142 si\u0119 profesor Adam Maciejewski. To b\u0119dzie trudna operacja odtw\u00f3rcza i naprawcza mojego  ucha. Pierwsza, kt\u00f3ra mo\u017ce si\u0119 uda\u0107! Dzi\u0119ki temu m\u00f3g\u0142bym w ko\u0144cu za\u0142o\u017cy\u0107 okulary, bo nie b\u0119d\u0105 mi spada\u0107 z prawej strony. B\u0119d\u0119 m\u00f3g\u0142 w ko\u0144cu us\u0142ysze\u0107 \u015bwiat tak, jak brzmi naprawd\u0119\u2026  &#8211; opisuje Stawiarz.<\/p>\n\n\n\n<p>Niestety, wymarzona operacja nie podlega refundacji. Kamil robi wi\u0119c co tylko mo\u017ce, \u017ceby uzbiera\u0107 na ni\u0105 \u015brodki. A kwota, kt\u00f3rej potrzebuje, jest naprawd\u0119 spora. To ok. 160 tys. z\u0142.<\/p>\n\n\n\n<p>W zebraniu pieni\u0119dzy na operacj\u0119 rekonstrukcji ma\u0142\u017cowiny usznej prawej ruszy\u0142a <strong>zbi\u00f3rka na portalu <a href=\"https:\/\/www.siepomaga.pl\/kamil-stawiarz\" class=\"rank-math-link\" target=\"_blank\" rel=\"noopener\">siepomaga.pl<\/a><\/strong>. Rozpocz\u0119\u0142a si\u0119 28 lutego. Do dzi\u015b uda\u0142o si\u0119 uzbiera\u0107 ponad 70 tys. z\u0142, nadal brakuje jednak blisko 90 tys. z\u0142. Czas na zebranie ca\u0142ej kwoty up\u0142ywa nieub\u0142aganie, poniewa\u017c d<strong>o zbi\u00f3rki mo\u017cna si\u0119 dorzuci\u0107 ju\u017c tylko do 17 wrze\u015bnia<\/strong>.<\/p>\n\n\n\n<figure class=\"wp-block-image size-large\"><img decoding=\"async\" width=\"655\" height=\"409\" data-src=\"https:\/\/gazetaregionalna.com\/wp-content\/uploads\/2020\/08\/Kamil_Stawiarz2.jpg\" alt=\"\" class=\"wp-image-19183 lazyload\" data-srcset=\"https:\/\/gazetaregionalna.com\/wp-content\/uploads\/2020\/08\/Kamil_Stawiarz2.jpg 655w, https:\/\/gazetaregionalna.com\/wp-content\/uploads\/2020\/08\/Kamil_Stawiarz2-300x187.jpg 300w\" data-sizes=\"(max-width: 655px) 100vw, 655px\" src=\"data:image\/svg+xml;base64,PHN2ZyB3aWR0aD0iMSIgaGVpZ2h0PSIxIiB4bWxucz0iaHR0cDovL3d3dy53My5vcmcvMjAwMC9zdmciPjwvc3ZnPg==\" style=\"--smush-placeholder-width: 655px; --smush-placeholder-aspect-ratio: 655\/409;\" \/><figcaption> Kamil Stawiarz (mat. ze strony zbi\u00f3rki na stronie www.siepomaga.pl) <\/figcaption><\/figure>\n\n\n\n<h2 class=\"wp-block-heading\">O pomoc dla Kamila apeluje aktorka Sylwia Oksiuta-Warmus<\/h2>\n\n\n\n<p>Do wsparcia zbi\u00f3rki na rzecz 23-latka gor\u0105co zach\u0119ca Sylwia Oksiuta-Warmus, aktorka Teatru im. Mickiewicza w Cz\u0119stochowie, znana z zaanga\u017cowania w liczne akcje charytatywne i spo\u0142eczne.  Artystka przekaza\u0142a na licytacje organizowan\u0105 dla Kamila poczt\u00f3wk\u0119 z autografem i ksi\u0105\u017ck\u0119 o s\u0142ynnej Ingrid Bergman. Sylwia Oksiuta-Warmus zapewnia\u0142a tak\u017ce, \u017ce w ramach wygranej licytacji odpowie r\u00f3wnie\u017c na pytania dotycz\u0105ce zawodu aktora.<\/p>\n\n\n\n<p>Do pomocy potrzebuj\u0105cemu namawia te\u017c w mediach spo\u0142eczno\u015bciowych. Has\u0142o brzmi &#8222;Us\u0142ysz wo\u0142anie! Stawiasz na pomoc\u201d.  Warto jej wys\u0142ucha\u0107 i pom\u00f3c Kamilowi.<\/p>\n\n\n\n<p><strong>A. Kostyra<\/strong><\/p>\n","protected":false},"excerpt":{"rendered":"<p>Kamil Stawiarz urodzi\u0142 si\u0119 jako wcze\u015bniak z nieukszta\u0142towan\u0105 ma\u0142\u017cowin\u0105 uszn\u0105. 23-latek zbiera \u015brodki na operacj\u0119 rekonstrukcji ucha. Potrzeba a\u017c 160 tys. z\u0142. Do przy\u0142\u0105czenia<\/p>\n","protected":false},"author":11,"featured_media":19174,"comment_status":"open","ping_status":"open","sticky":false,"template":"","format":"standard","meta":{"_monsterinsights_skip_tracking":false,"_monsterinsights_sitenote_active":false,"_monsterinsights_sitenote_note":"","_monsterinsights_sitenote_category":0,"_uf_show_specific_survey":0,"_uf_disable_surveys":false,"footnotes":""},"categories":[13,94],"tags":[655,467,654,255],"class_list":["post-19172","post","type-post","status-publish","format-standard","has-post-thumbnail","hentry","category-wydarzenia","category-polecane","tag-charytatywnie","tag-pomoc","tag-sylwia-oksiuta-warmus","tag-teatr-im-adama-mickiewicza-w-czestochowie"],"_links":{"self":[{"href":"https:\/\/gazetaregionalna.com\/index.php?rest_route=\/wp\/v2\/posts\/19172","targetHints":{"allow":["GET"]}}],"collection":[{"href":"https:\/\/gazetaregionalna.com\/index.php?rest_route=\/wp\/v2\/posts"}],"about":[{"href":"https:\/\/gazetaregionalna.com\/index.php?rest_route=\/wp\/v2\/types\/post"}],"author":[{"embeddable":true,"href":"https:\/\/gazetaregionalna.com\/index.php?rest_route=\/wp\/v2\/users\/11"}],"replies":[{"embeddable":true,"href":"https:\/\/gazetaregionalna.com\/index.php?rest_route=%2Fwp%2Fv2%2Fcomments&post=19172"}],"version-history":[{"count":13,"href":"https:\/\/gazetaregionalna.com\/index.php?rest_route=\/wp\/v2\/posts\/19172\/revisions"}],"predecessor-version":[{"id":19604,"href":"https:\/\/gazetaregionalna.com\/index.php?rest_route=\/wp\/v2\/posts\/19172\/revisions\/19604"}],"wp:featuredmedia":[{"embeddable":true,"href":"https:\/\/gazetaregionalna.com\/index.php?rest_route=\/wp\/v2\/media\/19174"}],"wp:attachment":[{"href":"https:\/\/gazetaregionalna.com\/index.php?rest_route=%2Fwp%2Fv2%2Fmedia&parent=19172"}],"wp:term":[{"taxonomy":"category","embeddable":true,"href":"https:\/\/gazetaregionalna.com\/index.php?rest_route=%2Fwp%2Fv2%2Fcategories&post=19172"},{"taxonomy":"post_tag","embeddable":true,"href":"https:\/\/gazetaregionalna.com\/index.php?rest_route=%2Fwp%2Fv2%2Ftags&post=19172"}],"curies":[{"name":"wp","href":"https:\/\/api.w.org\/{rel}","templated":true}]}}