{"id":19103,"date":"2020-08-18T09:43:12","date_gmt":"2020-08-18T09:43:12","guid":{"rendered":"https:\/\/gazetaregionalna.com\/?p=19103"},"modified":"2020-08-18T09:45:00","modified_gmt":"2020-08-18T09:45:00","slug":"pge-ekstraliga","status":"publish","type":"post","link":"https:\/\/gazetaregionalna.com\/?p=19103","title":{"rendered":"PGE Ekstraliga nie ma ju\u017c zaleg\u0142o\u015bci, a do ko\u0144ca rundy zasadniczej zosta\u0142y tylko 4 kolejki [TABELA]"},"content":{"rendered":"\n<p>W poniedzia\u0142kowym spotkaniu Moje\nBermudy Stal Gorz\u00f3w pokona\u0142a Betard Spart\u0119 Wroc\u0142aw 55:35 i tym\nsamym w\u0142\u0105czy\u0142a si\u0119 do walki o play-off. PGE Ekstraliga nie ma ju\u017c\nzaleg\u0142o\u015bci, a z rozp\u0119dzon\u0105 Stal\u0105 Gorz\u00f3w Eltrox W\u0142\u00f3kniarz\nzmierzy si\u0119 ju\u017c w najbli\u017cszy pi\u0105tek. \n<\/p>\n\n\n\n<p>\u017bu\u017clowa PGE Ekstraliga mia\u0142a w tym sezonie mecze odwo\u0142ywane, przek\u0142adane i&#8230; powtarzane. Na szcz\u0119\u015bcie wczoraj odby\u0142o si\u0119 ostatnie zaleg\u0142e spotkanie, w kt\u00f3rym Moje Bermudy Stal Gorz\u00f3w pokona\u0142a 55:35 Betard Spart\u0119 Wroc\u0142aw.  Od wczoraj wszystkie dru\u017cyny maj\u0105 na koncie po 10 spotka\u0144 i nikt ju\u017c nie ma zaleg\u0142o\u015bci. Przed \u017cu\u017clowcami do zako\u0144czenia rundy zasadniczej pozosta\u0142y cztery kolejki.  <\/p>\n\n\n\n<figure class=\"wp-block-image size-large\"><img decoding=\"async\" width=\"1024\" height=\"683\" data-src=\"https:\/\/gazetaregionalna.com\/wp-content\/uploads\/2020\/08\/CKM-Leszno-11-1024x683.jpg\" alt=\"\" class=\"wp-image-18670 lazyload\" data-srcset=\"https:\/\/gazetaregionalna.com\/wp-content\/uploads\/2020\/08\/CKM-Leszno-11-1024x683.jpg 1024w, https:\/\/gazetaregionalna.com\/wp-content\/uploads\/2020\/08\/CKM-Leszno-11-300x200.jpg 300w, https:\/\/gazetaregionalna.com\/wp-content\/uploads\/2020\/08\/CKM-Leszno-11-768x512.jpg 768w, https:\/\/gazetaregionalna.com\/wp-content\/uploads\/2020\/08\/CKM-Leszno-11-1536x1024.jpg 1536w, https:\/\/gazetaregionalna.com\/wp-content\/uploads\/2020\/08\/CKM-Leszno-11-696x464.jpg 696w, https:\/\/gazetaregionalna.com\/wp-content\/uploads\/2020\/08\/CKM-Leszno-11-1068x712.jpg 1068w, https:\/\/gazetaregionalna.com\/wp-content\/uploads\/2020\/08\/CKM-Leszno-11-630x420.jpg 630w, https:\/\/gazetaregionalna.com\/wp-content\/uploads\/2020\/08\/CKM-Leszno-11.jpg 1200w\" data-sizes=\"(max-width: 1024px) 100vw, 1024px\" src=\"data:image\/svg+xml;base64,PHN2ZyB3aWR0aD0iMSIgaGVpZ2h0PSIxIiB4bWxucz0iaHR0cDovL3d3dy53My5vcmcvMjAwMC9zdmciPjwvc3ZnPg==\" style=\"--smush-placeholder-width: 1024px; --smush-placeholder-aspect-ratio: 1024\/683;\" \/><\/figure>\n\n\n\n<p>Nieoczekiwanie do walki o play-off mo\u017ce w\u0142\u0105czy\u0142a si\u0119 te\u017c Stal Gorz\u00f3w. Ta dru\u017cyna po 6 kolejkach mia\u0142a na koncie&#8230; 0 punkt\u00f3w. Ostatnio wygra\u0142a jednak 4 mecze z rz\u0119du i ma ju\u017c na koncie 9 \u201eoczek\u201d i realne szanse na play-off. Rozp\u0119dzona Stal b\u0119dzie pi\u0105tkowym rywalem Eltrox W\u0142\u00f3kniarza. Je\u015bli gorzowscy \u017cu\u017clowcy wygraj\u0105 w pi\u0105tek w Cz\u0119stochowie to zdob\u0119d\u0105 3 punkty (2 za wygran\u0105 i 1 za bonus) i zbli\u017c\u0105 si\u0119 do cz\u0119stochowskich Lw\u00f3w na 1 punkt. Dlatego dla teamu trenera <strong>Marka Cie\u015blaka<\/strong> w pi\u0105tek szykuje si\u0119 bardzo wa\u017cny mecz. W\u0142\u00f3kniarz jest po ostatnim remisie we Wroc\u0142awiu, ale u siebie przegra\u0142 trzy mecze z rz\u0119du (z Motorem Lublin, Falubazem Zielona G\u00f3ra i Uni\u0105 Leszno). Dlatego kibice oczekuj\u0105 prze\u0142amania i wygranej, kt\u00f3ra przybli\u017cy cz\u0119stochowskich \u017cu\u017clowc\u00f3w do play off. O pi\u0105t\u0105 wygran\u0105 z rz\u0119du i szans\u0119 na play off przyjedzie walczy\u0107 Stal Gorz\u00f3w. Dlatego tego meczu nie mo\u017cna zlekcewa\u017cy\u0107 i trzeba si\u0119 do niego przygotowa\u0107 jak do walki o \u201e\u017cycie\u201d&#8230;<\/p>\n\n\n\n<p>1. Fogo Unia Leszno \t10 \t19 \t88<\/p>\n\n\n\n<p>2. SM Solar Falubaz Zielona G\u00f3ra \t10\n\t17 \t47<\/p>\n\n\n\n<p>3. Motor Lublin \t10 \t13 \t42<\/p>\n\n\n\n<p>4. Eltrrox W\u0142\u00f3kniarz Cz\u0119stochowa \t10\n\t13 \t44<\/p>\n\n\n\n<p>5. Betard Sparta Wroc\u0142aw \t10 \t11 \t10<\/p>\n\n\n\n<p>6. Moje Bermudy Stal Gorz\u00f3w \t10 \t9\n\t-14<\/p>\n\n\n\n<p>7. MrGarden GKM Grudzi\u0105dz \t10 \t8 \t-32<\/p>\n\n\n\n<p>8. ROW Rybnik 10  2  -185<\/p>\n\n\n\n<p>Foto Gazeta Regionalna <\/p>\n","protected":false},"excerpt":{"rendered":"<p>W poniedzia\u0142kowym spotkaniu Moje Bermudy Stal Gorz\u00f3w pokona\u0142a Betard Spart\u0119 Wroc\u0142aw 55:35 i tym samym w\u0142\u0105czy\u0142a si\u0119 do walki o play-off. PGE Ekstraliga nie<\/p>\n","protected":false},"author":15,"featured_media":18666,"comment_status":"open","ping_status":"open","sticky":false,"template":"","format":"standard","meta":{"_monsterinsights_skip_tracking":false,"_monsterinsights_sitenote_active":false,"_monsterinsights_sitenote_note":"","_monsterinsights_sitenote_category":0,"_uf_show_specific_survey":0,"_uf_disable_surveys":false,"footnotes":""},"categories":[5,7],"tags":[313,102],"class_list":["post-19103","post","type-post","status-publish","format-standard","has-post-thumbnail","hentry","category-sport","category-zuzel","tag-eltrox-wlokniarz-czestochowa","tag-zuzel"],"_links":{"self":[{"href":"https:\/\/gazetaregionalna.com\/index.php?rest_route=\/wp\/v2\/posts\/19103","targetHints":{"allow":["GET"]}}],"collection":[{"href":"https:\/\/gazetaregionalna.com\/index.php?rest_route=\/wp\/v2\/posts"}],"about":[{"href":"https:\/\/gazetaregionalna.com\/index.php?rest_route=\/wp\/v2\/types\/post"}],"author":[{"embeddable":true,"href":"https:\/\/gazetaregionalna.com\/index.php?rest_route=\/wp\/v2\/users\/15"}],"replies":[{"embeddable":true,"href":"https:\/\/gazetaregionalna.com\/index.php?rest_route=%2Fwp%2Fv2%2Fcomments&post=19103"}],"version-history":[{"count":3,"href":"https:\/\/gazetaregionalna.com\/index.php?rest_route=\/wp\/v2\/posts\/19103\/revisions"}],"predecessor-version":[{"id":19106,"href":"https:\/\/gazetaregionalna.com\/index.php?rest_route=\/wp\/v2\/posts\/19103\/revisions\/19106"}],"wp:featuredmedia":[{"embeddable":true,"href":"https:\/\/gazetaregionalna.com\/index.php?rest_route=\/wp\/v2\/media\/18666"}],"wp:attachment":[{"href":"https:\/\/gazetaregionalna.com\/index.php?rest_route=%2Fwp%2Fv2%2Fmedia&parent=19103"}],"wp:term":[{"taxonomy":"category","embeddable":true,"href":"https:\/\/gazetaregionalna.com\/index.php?rest_route=%2Fwp%2Fv2%2Fcategories&post=19103"},{"taxonomy":"post_tag","embeddable":true,"href":"https:\/\/gazetaregionalna.com\/index.php?rest_route=%2Fwp%2Fv2%2Ftags&post=19103"}],"curies":[{"name":"wp","href":"https:\/\/api.w.org\/{rel}","templated":true}]}}