{"id":19079,"date":"2020-08-18T07:03:36","date_gmt":"2020-08-18T07:03:36","guid":{"rendered":"https:\/\/gazetaregionalna.com\/?p=19079"},"modified":"2020-08-18T07:03:38","modified_gmt":"2020-08-18T07:03:38","slug":"rosnie-liczba-bezrobotnych","status":"publish","type":"post","link":"https:\/\/gazetaregionalna.com\/?p=19079","title":{"rendered":"Ro\u015bnie liczba bezrobotnych w Cz\u0119stochowie i powiecie cz\u0119stochowskim"},"content":{"rendered":"\n<h2 class=\"wp-block-heading\">Ro\u015bnie liczba bezrobotnych w Cz\u0119stochowie i powiecie cz\u0119stochowskim.<\/h2>\n\n\n\n<p>Jak wynika ze statystyk Powiatowego Urz\u0119du Pracy w Cz\u0119stochowie,\u00a0ma koniec czerwca liczba bezrobotnych zarejestrowanych w urz\u0119dzie wynosi\u0142a 7791 i wzros\u0142a w por\u00f3wnaniu z majem o 520, czyli 7,2 procent.<br> <br> W Cz\u0119stochowie na koniec czerwca mieli\u015bmy 4 432 osoby bezrobotne i zarejestrowane w\u00a0PUP. W powiecie cz\u0119stochowskim w urz\u0119dzie pracy zapisanych by\u0142o 3 359 bezrobotnych. W obu przypadkach liczba os\u00f3b pozostaj\u0105cych bez pracy wzros\u0142a w por\u00f3wnaniu z majem. I tak w mie\u015bcie zanotowano wzrost liczby bezrobotnych o 8,4%, czyli 345 os\u00f3b, a w powiecie cz\u0119stochowskim o 5,5%, co da\u0142o 175 nowo zarejestrowanych os\u00f3b pozostaj\u0105cych bez zatrudnienia.<br> <br> Wyra\u017anie wida\u0107, \u017ce kryzys wywo\u0142any przez pandemi\u0119 mocno odci\u015bnie si\u0119 na sytuacji naszego lokalnego rynku pracy. Dla por\u00f3wnania rok temu, o tej samej porze, a wi\u0119c na koniec czerwca bezrobotnych by\u0142o 6 360 os\u00f3b. Bezrobocie wzros\u0142o o 1 431 os\u00f3b, czyli 18,4%.\u00a0Na koniec czerwca tego roku w rejestrach\u00a0PUP-u\u00a0figurowa\u0142o 7791 os\u00f3b.<\/p>\n\n\n\n<p><br> Jak dowiedzieli\u015bmy si\u0119 w Powiatowym Urz\u0119dzie Pracy w Cz\u0119stochowie, w lipcu urz\u0105d dysponowa\u0142 130 ofertami pracy (by\u0142y to oferty niesubsydiowane) na 526 wolnych miejsc pracy, w tym 1 ofert\u0105 pracy dla os\u00f3b z niepe\u0142nosprawno\u015bciami.<br> W ostatnich tygodniach najwi\u0119ksze szansa na szybkie znalezienie pracy mieli pracownicy nast\u0119puj\u0105cych bran\u017c: budownictwo, transport, handel, us\u0142ugi oraz przemys\u0142. <\/p>\n\n\n\n<p>(IBS, fot. pixabay)<\/p>\n","protected":false},"excerpt":{"rendered":"<p>Ro\u015bnie liczba bezrobotnych w Cz\u0119stochowie i powiecie cz\u0119stochowskim. Jak wynika ze statystyk Powiatowego Urz\u0119du Pracy w Cz\u0119stochowie,\u00a0ma koniec czerwca liczba bezrobotnych zarejestrowanych w urz\u0119dzie<\/p>\n","protected":false},"author":7,"featured_media":19082,"comment_status":"open","ping_status":"open","sticky":false,"template":"","format":"standard","meta":{"_monsterinsights_skip_tracking":false,"_monsterinsights_sitenote_active":false,"_monsterinsights_sitenote_note":"","_monsterinsights_sitenote_category":0,"_uf_show_specific_survey":0,"_uf_disable_surveys":false,"footnotes":""},"categories":[94,3,4,2],"tags":[],"class_list":["post-19079","post","type-post","status-publish","format-standard","has-post-thumbnail","hentry","category-polecane","category-czestochowa-informacje","category-region","category-wiadomosci"],"_links":{"self":[{"href":"https:\/\/gazetaregionalna.com\/index.php?rest_route=\/wp\/v2\/posts\/19079","targetHints":{"allow":["GET"]}}],"collection":[{"href":"https:\/\/gazetaregionalna.com\/index.php?rest_route=\/wp\/v2\/posts"}],"about":[{"href":"https:\/\/gazetaregionalna.com\/index.php?rest_route=\/wp\/v2\/types\/post"}],"author":[{"embeddable":true,"href":"https:\/\/gazetaregionalna.com\/index.php?rest_route=\/wp\/v2\/users\/7"}],"replies":[{"embeddable":true,"href":"https:\/\/gazetaregionalna.com\/index.php?rest_route=%2Fwp%2Fv2%2Fcomments&post=19079"}],"version-history":[{"count":3,"href":"https:\/\/gazetaregionalna.com\/index.php?rest_route=\/wp\/v2\/posts\/19079\/revisions"}],"predecessor-version":[{"id":19083,"href":"https:\/\/gazetaregionalna.com\/index.php?rest_route=\/wp\/v2\/posts\/19079\/revisions\/19083"}],"wp:featuredmedia":[{"embeddable":true,"href":"https:\/\/gazetaregionalna.com\/index.php?rest_route=\/wp\/v2\/media\/19082"}],"wp:attachment":[{"href":"https:\/\/gazetaregionalna.com\/index.php?rest_route=%2Fwp%2Fv2%2Fmedia&parent=19079"}],"wp:term":[{"taxonomy":"category","embeddable":true,"href":"https:\/\/gazetaregionalna.com\/index.php?rest_route=%2Fwp%2Fv2%2Fcategories&post=19079"},{"taxonomy":"post_tag","embeddable":true,"href":"https:\/\/gazetaregionalna.com\/index.php?rest_route=%2Fwp%2Fv2%2Ftags&post=19079"}],"curies":[{"name":"wp","href":"https:\/\/api.w.org\/{rel}","templated":true}]}}