{"id":19034,"date":"2020-08-17T14:07:03","date_gmt":"2020-08-17T14:07:03","guid":{"rendered":"https:\/\/gazetaregionalna.com\/?p=19034"},"modified":"2020-08-17T14:07:05","modified_gmt":"2020-08-17T14:07:05","slug":"lwy-avia-5","status":"publish","type":"post","link":"https:\/\/gazetaregionalna.com\/?p=19034","title":{"rendered":"Lwy Avia przegra\u0142y pierwszy mecz w speedrowerowej Superlidze, ale s\u0105 nadal liderem"},"content":{"rendered":"\n<p>Lwy Avia Cz\u0119stochowa nie s\u0105 ju\u017c\nniepokonan\u0105 dru\u017cyn\u0105 w Superlidze. W niedziel\u0119 na torze w\nCz\u0119stochowie Lwy Avia przegra\u0142y ze \u015al\u0105skiem \u015awi\u0119toch\u0142owice<\/p>\n\n\n\n<p>Lwy Avia do niedzieli mia\u0142y na koncie 5 mecz\u00f3w i 5 zwyci\u0119stw. Niestety s\u0142abszy dzie\u0144 przyszed\u0142 w niedziel\u0119. Cz\u0119stochowianie przegrali ze \u015al\u0105skiem \u015awi\u0119toch\u0142owice 67:81. W dru\u017cynie gospodarzy najlepiej punktowali: <strong>Marcin Szyma\u0144ski<\/strong> (18 punkt\u00f3w), <strong>Piotr Jamroszczyk<\/strong> (15), <strong>Damian Nato\u0144ski<\/strong> (11), <strong>Tomasz W\u0142odarczyk<\/strong> (9), <strong>Nikodem Mlek<\/strong> (2) oraz <strong>Jakub Wybraniec<\/strong> i <strong>Kamil Dembczyk<\/strong> (po 5), <strong>Sebastian Paruzel<\/strong> i <strong>Maks M\u0105czka<\/strong> (po 1).  <\/p>\n\n\n\n<p>Dru\u017cyn\u0119 \u015al\u0105ska do zwyci\u0119stwa poprowadzili m.in.: <strong>Dawid Bas<\/strong> (19), <strong>Mateusz Pacek<\/strong> (14), <strong>Marcin Ko\u0142ata<\/strong> (13), <strong>Kamil Bielica<\/strong> (12).  <\/p>\n\n\n\n<figure class=\"wp-block-image size-large\"><img decoding=\"async\" width=\"1024\" height=\"683\" data-src=\"https:\/\/gazetaregionalna.com\/wp-content\/uploads\/2020\/06\/Lwy-12-1024x683.jpg\" alt=\"\" class=\"wp-image-15087 lazyload\" data-srcset=\"https:\/\/gazetaregionalna.com\/wp-content\/uploads\/2020\/06\/Lwy-12-1024x683.jpg 1024w, https:\/\/gazetaregionalna.com\/wp-content\/uploads\/2020\/06\/Lwy-12-300x200.jpg 300w, https:\/\/gazetaregionalna.com\/wp-content\/uploads\/2020\/06\/Lwy-12-768x512.jpg 768w, https:\/\/gazetaregionalna.com\/wp-content\/uploads\/2020\/06\/Lwy-12-1536x1024.jpg 1536w, https:\/\/gazetaregionalna.com\/wp-content\/uploads\/2020\/06\/Lwy-12-696x464.jpg 696w, https:\/\/gazetaregionalna.com\/wp-content\/uploads\/2020\/06\/Lwy-12-1068x712.jpg 1068w, https:\/\/gazetaregionalna.com\/wp-content\/uploads\/2020\/06\/Lwy-12-630x420.jpg 630w, https:\/\/gazetaregionalna.com\/wp-content\/uploads\/2020\/06\/Lwy-12.jpg 1200w\" data-sizes=\"(max-width: 1024px) 100vw, 1024px\" src=\"data:image\/svg+xml;base64,PHN2ZyB3aWR0aD0iMSIgaGVpZ2h0PSIxIiB4bWxucz0iaHR0cDovL3d3dy53My5vcmcvMjAwMC9zdmciPjwvc3ZnPg==\" style=\"--smush-placeholder-width: 1024px; --smush-placeholder-aspect-ratio: 1024\/683;\" \/><\/figure>\n\n\n\n<p>Lwy Avia po 6 meczach maj\u0105 na koncie 10 punkt\u00f3w i s\u0105 liderem Superligi. Na drugim miejscu z 8 punktami jest \u015al\u0105sk \u015awi\u0119toch\u0142owice (5 mecz\u00f3w), a na trzeciej pozycji plasuje si\u0119 TS\u017b Toru\u0144 (8 punkt\u00f3w w 6 meczach). 9. miejsce w tabeli zajmuje Victoria Poczesna, kt\u00f3ra przegra\u0142a z Drw\u0119c\u0105 Kaszczorek 72:76. Victoria w lidze nadal pozostaje bez punktu.  <\/p>\n\n\n\n<figure class=\"wp-block-image size-large\"><img decoding=\"async\" width=\"1024\" height=\"683\" data-src=\"https:\/\/gazetaregionalna.com\/wp-content\/uploads\/2020\/07\/Poczesna-2-1024x683.jpg\" alt=\"\" class=\"wp-image-16068 lazyload\" data-srcset=\"https:\/\/gazetaregionalna.com\/wp-content\/uploads\/2020\/07\/Poczesna-2-1024x683.jpg 1024w, https:\/\/gazetaregionalna.com\/wp-content\/uploads\/2020\/07\/Poczesna-2-300x200.jpg 300w, https:\/\/gazetaregionalna.com\/wp-content\/uploads\/2020\/07\/Poczesna-2-768x512.jpg 768w, https:\/\/gazetaregionalna.com\/wp-content\/uploads\/2020\/07\/Poczesna-2-1536x1024.jpg 1536w, https:\/\/gazetaregionalna.com\/wp-content\/uploads\/2020\/07\/Poczesna-2-696x464.jpg 696w, https:\/\/gazetaregionalna.com\/wp-content\/uploads\/2020\/07\/Poczesna-2-1068x712.jpg 1068w, https:\/\/gazetaregionalna.com\/wp-content\/uploads\/2020\/07\/Poczesna-2-630x420.jpg 630w, https:\/\/gazetaregionalna.com\/wp-content\/uploads\/2020\/07\/Poczesna-2.jpg 1200w\" data-sizes=\"(max-width: 1024px) 100vw, 1024px\" src=\"data:image\/svg+xml;base64,PHN2ZyB3aWR0aD0iMSIgaGVpZ2h0PSIxIiB4bWxucz0iaHR0cDovL3d3dy53My5vcmcvMjAwMC9zdmciPjwvc3ZnPg==\" style=\"--smush-placeholder-width: 1024px; --smush-placeholder-aspect-ratio: 1024\/683;\" \/><\/figure>\n\n\n\n<p>Foto: Gazeta Regionalna<\/p>\n","protected":false},"excerpt":{"rendered":"<p>Lwy Avia Cz\u0119stochowa nie s\u0105 ju\u017c niepokonan\u0105 dru\u017cyn\u0105 w Superlidze. W niedziel\u0119 na torze w Cz\u0119stochowie Lwy Avia przegra\u0142y ze \u015al\u0105skiem \u015awi\u0119toch\u0142owice Lwy Avia<\/p>\n","protected":false},"author":15,"featured_media":15075,"comment_status":"open","ping_status":"open","sticky":false,"template":"","format":"standard","meta":{"_monsterinsights_skip_tracking":false,"_monsterinsights_sitenote_active":false,"_monsterinsights_sitenote_note":"","_monsterinsights_sitenote_category":0,"_uf_show_specific_survey":0,"_uf_disable_surveys":false,"footnotes":""},"categories":[5,11],"tags":[520,521],"class_list":["post-19034","post","type-post","status-publish","format-standard","has-post-thumbnail","hentry","category-sport","category-pozostale","tag-lwy-avia-czestochowa","tag-speedrower"],"_links":{"self":[{"href":"https:\/\/gazetaregionalna.com\/index.php?rest_route=\/wp\/v2\/posts\/19034","targetHints":{"allow":["GET"]}}],"collection":[{"href":"https:\/\/gazetaregionalna.com\/index.php?rest_route=\/wp\/v2\/posts"}],"about":[{"href":"https:\/\/gazetaregionalna.com\/index.php?rest_route=\/wp\/v2\/types\/post"}],"author":[{"embeddable":true,"href":"https:\/\/gazetaregionalna.com\/index.php?rest_route=\/wp\/v2\/users\/15"}],"replies":[{"embeddable":true,"href":"https:\/\/gazetaregionalna.com\/index.php?rest_route=%2Fwp%2Fv2%2Fcomments&post=19034"}],"version-history":[{"count":1,"href":"https:\/\/gazetaregionalna.com\/index.php?rest_route=\/wp\/v2\/posts\/19034\/revisions"}],"predecessor-version":[{"id":19035,"href":"https:\/\/gazetaregionalna.com\/index.php?rest_route=\/wp\/v2\/posts\/19034\/revisions\/19035"}],"wp:featuredmedia":[{"embeddable":true,"href":"https:\/\/gazetaregionalna.com\/index.php?rest_route=\/wp\/v2\/media\/15075"}],"wp:attachment":[{"href":"https:\/\/gazetaregionalna.com\/index.php?rest_route=%2Fwp%2Fv2%2Fmedia&parent=19034"}],"wp:term":[{"taxonomy":"category","embeddable":true,"href":"https:\/\/gazetaregionalna.com\/index.php?rest_route=%2Fwp%2Fv2%2Fcategories&post=19034"},{"taxonomy":"post_tag","embeddable":true,"href":"https:\/\/gazetaregionalna.com\/index.php?rest_route=%2Fwp%2Fv2%2Ftags&post=19034"}],"curies":[{"name":"wp","href":"https:\/\/api.w.org\/{rel}","templated":true}]}}