{"id":19009,"date":"2020-08-17T12:22:58","date_gmt":"2020-08-17T12:22:58","guid":{"rendered":"https:\/\/gazetaregionalna.com\/?p=19009"},"modified":"2020-08-17T12:32:03","modified_gmt":"2020-08-17T12:32:03","slug":"mammobus-2","status":"publish","type":"post","link":"https:\/\/gazetaregionalna.com\/?p=19009","title":{"rendered":"W Poraju ponownie pojawi si\u0119 Mammobus"},"content":{"rendered":"\n<p>We wtorek <strong>18 sierpnia br<\/strong>., w godzinach <strong>9:00 \u2013 17:00<\/strong>, w Poraju ponownie pojawi si\u0119 Mammobus, w kt\u00f3rym b\u0119dzie mo\u017cna podda\u0107 si\u0119 bezp\u0142atnie badaniom mammograficznym. <\/p>\n\n\n\n<p>W Poraju przy Gminnym O\u015brodku Zdrowia stacjonowa\u0142 b\u0119dzie mammobus,\nkt\u00f3ry b\u0119dzie obs\u0142ugiwa\u0107 firma Geneva Trust. <\/p>\n\n\n\n<p>Na badanie (prze\u015bwietlenie piersi) s\u0105 zapraszane wszystkie panie w\nwieku 50 \u2013 69, kt\u00f3re nie mia\u0142y wykonywanych bada\u0144 w ci\u0105gu ostatnich 2 lat.<\/p>\n\n\n\n<p>W ramach Programu Wczesnego Wykrywania raka piersi badania przeprowadzane\nb\u0119d\u0105 w technice cyfrowej.<\/p>\n\n\n\n<p>Rejestracja O\u015brodka Zdrowia nie prowadzi zapis\u00f3w na badania. Zapisy na badania prowadzi firma Geneva Trust pod numerem telefonu: <strong>58\/767-34-44.<\/strong> <\/p>\n\n\n\n<figure class=\"wp-block-image size-large\"><img decoding=\"async\" width=\"360\" height=\"160\" data-src=\"https:\/\/gazetaregionalna.com\/wp-content\/uploads\/2020\/08\/genevatrust.png\" alt=\"\" class=\"wp-image-19011 lazyload\" data-srcset=\"https:\/\/gazetaregionalna.com\/wp-content\/uploads\/2020\/08\/genevatrust.png 360w, https:\/\/gazetaregionalna.com\/wp-content\/uploads\/2020\/08\/genevatrust-300x133.png 300w\" data-sizes=\"(max-width: 360px) 100vw, 360px\" src=\"data:image\/svg+xml;base64,PHN2ZyB3aWR0aD0iMSIgaGVpZ2h0PSIxIiB4bWxucz0iaHR0cDovL3d3dy53My5vcmcvMjAwMC9zdmciPjwvc3ZnPg==\" style=\"--smush-placeholder-width: 360px; --smush-placeholder-aspect-ratio: 360\/160;\" \/><figcaption>Fot: Geneva Trust<\/figcaption><\/figure>\n","protected":false},"excerpt":{"rendered":"<p>We wtorek 18 sierpnia br., w godzinach 9:00 \u2013 17:00, w Poraju ponownie pojawi si\u0119 Mammobus, w kt\u00f3rym b\u0119dzie mo\u017cna podda\u0107 si\u0119 bezp\u0142atnie badaniom<\/p>\n","protected":false},"author":12,"featured_media":19014,"comment_status":"open","ping_status":"open","sticky":false,"template":"","format":"standard","meta":{"_monsterinsights_skip_tracking":false,"_monsterinsights_sitenote_active":false,"_monsterinsights_sitenote_note":"","_monsterinsights_sitenote_category":0,"_uf_show_specific_survey":0,"_uf_disable_surveys":false,"footnotes":""},"categories":[94,26,2,37],"tags":[],"class_list":["post-19009","post","type-post","status-publish","format-standard","has-post-thumbnail","hentry","category-polecane","category-myszkow","category-wiadomosci","category-zdrowie"],"_links":{"self":[{"href":"https:\/\/gazetaregionalna.com\/index.php?rest_route=\/wp\/v2\/posts\/19009","targetHints":{"allow":["GET"]}}],"collection":[{"href":"https:\/\/gazetaregionalna.com\/index.php?rest_route=\/wp\/v2\/posts"}],"about":[{"href":"https:\/\/gazetaregionalna.com\/index.php?rest_route=\/wp\/v2\/types\/post"}],"author":[{"embeddable":true,"href":"https:\/\/gazetaregionalna.com\/index.php?rest_route=\/wp\/v2\/users\/12"}],"replies":[{"embeddable":true,"href":"https:\/\/gazetaregionalna.com\/index.php?rest_route=%2Fwp%2Fv2%2Fcomments&post=19009"}],"version-history":[{"count":3,"href":"https:\/\/gazetaregionalna.com\/index.php?rest_route=\/wp\/v2\/posts\/19009\/revisions"}],"predecessor-version":[{"id":19015,"href":"https:\/\/gazetaregionalna.com\/index.php?rest_route=\/wp\/v2\/posts\/19009\/revisions\/19015"}],"wp:featuredmedia":[{"embeddable":true,"href":"https:\/\/gazetaregionalna.com\/index.php?rest_route=\/wp\/v2\/media\/19014"}],"wp:attachment":[{"href":"https:\/\/gazetaregionalna.com\/index.php?rest_route=%2Fwp%2Fv2%2Fmedia&parent=19009"}],"wp:term":[{"taxonomy":"category","embeddable":true,"href":"https:\/\/gazetaregionalna.com\/index.php?rest_route=%2Fwp%2Fv2%2Fcategories&post=19009"},{"taxonomy":"post_tag","embeddable":true,"href":"https:\/\/gazetaregionalna.com\/index.php?rest_route=%2Fwp%2Fv2%2Ftags&post=19009"}],"curies":[{"name":"wp","href":"https:\/\/api.w.org\/{rel}","templated":true}]}}