{"id":19004,"date":"2020-08-17T11:34:56","date_gmt":"2020-08-17T11:34:56","guid":{"rendered":"https:\/\/gazetaregionalna.com\/?p=19004"},"modified":"2020-08-17T11:34:59","modified_gmt":"2020-08-17T11:34:59","slug":"ruch-wahadlowy","status":"publish","type":"post","link":"https:\/\/gazetaregionalna.com\/?p=19004","title":{"rendered":"W Osinach na czas remontu ruch wahad\u0142owy"},"content":{"rendered":"\n<h2 class=\"wp-block-heading\">W Osinach na drodze DW 791 na czas remontu b\u0119dzie odbywa\u0107 si\u0119 ruch\nwahad\u0142owy.<\/h2>\n\n\n\n<p>Firma DROG-BUD Sp. z o.o., wykonawca przebudowy drogi wojew\u00f3dzkiej DW 791, informuje, \u017ce dnia 18 sierpnia 2020 roku, na czas trwania rob\u00f3t zostanie wprowadzony ruch wahad\u0142owy na przebudowywanym odcinku drogi. \u00a0<\/p>\n\n\n\n<figure class=\"wp-block-image size-large\"><img decoding=\"async\" width=\"848\" height=\"809\" data-src=\"https:\/\/gazetaregionalna.com\/wp-content\/uploads\/2020\/08\/informacja-Osiny.jpg\" alt=\"\" class=\"wp-image-19006 lazyload\" data-srcset=\"https:\/\/gazetaregionalna.com\/wp-content\/uploads\/2020\/08\/informacja-Osiny.jpg 848w, https:\/\/gazetaregionalna.com\/wp-content\/uploads\/2020\/08\/informacja-Osiny-300x286.jpg 300w, https:\/\/gazetaregionalna.com\/wp-content\/uploads\/2020\/08\/informacja-Osiny-768x733.jpg 768w, https:\/\/gazetaregionalna.com\/wp-content\/uploads\/2020\/08\/informacja-Osiny-696x664.jpg 696w, https:\/\/gazetaregionalna.com\/wp-content\/uploads\/2020\/08\/informacja-Osiny-440x420.jpg 440w\" data-sizes=\"(max-width: 848px) 100vw, 848px\" src=\"data:image\/svg+xml;base64,PHN2ZyB3aWR0aD0iMSIgaGVpZ2h0PSIxIiB4bWxucz0iaHR0cDovL3d3dy53My5vcmcvMjAwMC9zdmciPjwvc3ZnPg==\" style=\"--smush-placeholder-width: 848px; --smush-placeholder-aspect-ratio: 848\/809;\" \/><figcaption>Fot: ZDW w Katowicach<\/figcaption><\/figure>\n\n\n\n<figure class=\"wp-block-image size-large\"><img decoding=\"async\" width=\"290\" height=\"1024\" data-src=\"https:\/\/gazetaregionalna.com\/wp-content\/uploads\/2020\/08\/mapka-Osiny-290x1024.jpg\" alt=\"\" class=\"wp-image-19007 lazyload\" data-srcset=\"https:\/\/gazetaregionalna.com\/wp-content\/uploads\/2020\/08\/mapka-Osiny-290x1024.jpg 290w, https:\/\/gazetaregionalna.com\/wp-content\/uploads\/2020\/08\/mapka-Osiny-85x300.jpg 85w, https:\/\/gazetaregionalna.com\/wp-content\/uploads\/2020\/08\/mapka-Osiny-119x420.jpg 119w, https:\/\/gazetaregionalna.com\/wp-content\/uploads\/2020\/08\/mapka-Osiny.jpg 340w\" data-sizes=\"(max-width: 290px) 100vw, 290px\" src=\"data:image\/svg+xml;base64,PHN2ZyB3aWR0aD0iMSIgaGVpZ2h0PSIxIiB4bWxucz0iaHR0cDovL3d3dy53My5vcmcvMjAwMC9zdmciPjwvc3ZnPg==\" style=\"--smush-placeholder-width: 290px; --smush-placeholder-aspect-ratio: 290\/1024;\" \/><figcaption>Fot: ZDW w Katowicach<\/figcaption><\/figure>\n","protected":false},"excerpt":{"rendered":"<p>W Osinach na drodze DW 791 na czas remontu b\u0119dzie odbywa\u0107 si\u0119 ruch wahad\u0142owy. Firma DROG-BUD Sp. z o.o., wykonawca przebudowy drogi wojew\u00f3dzkiej DW<\/p>\n","protected":false},"author":12,"featured_media":17161,"comment_status":"open","ping_status":"open","sticky":false,"template":"","format":"standard","meta":{"_monsterinsights_skip_tracking":false,"_monsterinsights_sitenote_active":false,"_monsterinsights_sitenote_note":"","_monsterinsights_sitenote_category":0,"_uf_show_specific_survey":0,"_uf_disable_surveys":false,"footnotes":""},"categories":[33,18,26,94,2],"tags":[],"class_list":["post-19004","post","type-post","status-publish","format-standard","has-post-thumbnail","hentry","category-inwestycje","category-motoryzacja","category-myszkow","category-polecane","category-wiadomosci"],"_links":{"self":[{"href":"https:\/\/gazetaregionalna.com\/index.php?rest_route=\/wp\/v2\/posts\/19004","targetHints":{"allow":["GET"]}}],"collection":[{"href":"https:\/\/gazetaregionalna.com\/index.php?rest_route=\/wp\/v2\/posts"}],"about":[{"href":"https:\/\/gazetaregionalna.com\/index.php?rest_route=\/wp\/v2\/types\/post"}],"author":[{"embeddable":true,"href":"https:\/\/gazetaregionalna.com\/index.php?rest_route=\/wp\/v2\/users\/12"}],"replies":[{"embeddable":true,"href":"https:\/\/gazetaregionalna.com\/index.php?rest_route=%2Fwp%2Fv2%2Fcomments&post=19004"}],"version-history":[{"count":2,"href":"https:\/\/gazetaregionalna.com\/index.php?rest_route=\/wp\/v2\/posts\/19004\/revisions"}],"predecessor-version":[{"id":19008,"href":"https:\/\/gazetaregionalna.com\/index.php?rest_route=\/wp\/v2\/posts\/19004\/revisions\/19008"}],"wp:featuredmedia":[{"embeddable":true,"href":"https:\/\/gazetaregionalna.com\/index.php?rest_route=\/wp\/v2\/media\/17161"}],"wp:attachment":[{"href":"https:\/\/gazetaregionalna.com\/index.php?rest_route=%2Fwp%2Fv2%2Fmedia&parent=19004"}],"wp:term":[{"taxonomy":"category","embeddable":true,"href":"https:\/\/gazetaregionalna.com\/index.php?rest_route=%2Fwp%2Fv2%2Fcategories&post=19004"},{"taxonomy":"post_tag","embeddable":true,"href":"https:\/\/gazetaregionalna.com\/index.php?rest_route=%2Fwp%2Fv2%2Ftags&post=19004"}],"curies":[{"name":"wp","href":"https:\/\/api.w.org\/{rel}","templated":true}]}}