{"id":18914,"date":"2020-08-16T11:02:51","date_gmt":"2020-08-16T11:02:51","guid":{"rendered":"https:\/\/gazetaregionalna.com\/?p=18914"},"modified":"2020-08-16T12:39:01","modified_gmt":"2020-08-16T12:39:01","slug":"zabytkowe-pianino","status":"publish","type":"post","link":"https:\/\/gazetaregionalna.com\/?p=18914","title":{"rendered":"Zabytkowe pianino w GOK w Poraju"},"content":{"rendered":"\n<h2 class=\"wp-block-heading\">W Gminnym O\u015brodku Kultury im. Janusza Gniatkowskiego w Poraju w Galerii Sztuki Wsp\u00f3\u0142czesnej pojawi\u0142o si\u0119 zabytkowe pianino i szafka na nuty.<\/h2>\n\n\n\n<figure class=\"wp-block-image size-large\"><img decoding=\"async\" width=\"960\" height=\"909\" data-src=\"https:\/\/gazetaregionalna.com\/wp-content\/uploads\/2020\/08\/pianino-5.jpg\" alt=\"\" class=\"wp-image-18920 lazyload\" data-srcset=\"https:\/\/gazetaregionalna.com\/wp-content\/uploads\/2020\/08\/pianino-5.jpg 960w, https:\/\/gazetaregionalna.com\/wp-content\/uploads\/2020\/08\/pianino-5-300x284.jpg 300w, https:\/\/gazetaregionalna.com\/wp-content\/uploads\/2020\/08\/pianino-5-768x727.jpg 768w, https:\/\/gazetaregionalna.com\/wp-content\/uploads\/2020\/08\/pianino-5-696x659.jpg 696w, https:\/\/gazetaregionalna.com\/wp-content\/uploads\/2020\/08\/pianino-5-444x420.jpg 444w\" data-sizes=\"(max-width: 960px) 100vw, 960px\" src=\"data:image\/svg+xml;base64,PHN2ZyB3aWR0aD0iMSIgaGVpZ2h0PSIxIiB4bWxucz0iaHR0cDovL3d3dy53My5vcmcvMjAwMC9zdmciPjwvc3ZnPg==\" style=\"--smush-placeholder-width: 960px; --smush-placeholder-aspect-ratio: 960\/909;\" \/><figcaption>Fot: GOK Poraj<\/figcaption><\/figure>\n\n\n\n<p>Darczy\u0144c\u0105 instrumentu oraz szafki jest <strong>Krystyna Maciejewska-Gniatkowska<\/strong>, piosenkarka i wdowa po arty\u015bcie (pomys\u0142odawczyni, scenarzystka, re\u017cyserka, producentka i dyrektor artystyczny o\u015bmiu Festiwali Piosenek Janusza Gniatowskiego w Poraju, a obecnie Konsultantka Artystyczna Festiwalu). Pianino nale\u017ca\u0142o do ojca artystki.<\/p>\n\n\n\n<p><em>-&#8222;Serdecznie dzi\u0119kujemy za tak pi\u0119kny gest, tym bardziej \u017ce na pewno jest ono sentymentaln\u0105, rodzinn\u0105 pami\u0105tk\u0105. Cieszymy si\u0119, \u017ce to w\u0142a\u015bnie u nas ten cenny instrument znalaz\u0142 swoje miejsce&#8221; &#8211;&nbsp;<\/em>m\u00f3wi dyrektor plac\u00f3wki <strong>Magdalena Ryziuk \u2013 Wilk<\/strong><em>.<\/em><\/p>\n\n\n\n<p>W Galerii Sztuki Wsp\u00f3\u0142czesnej od kilku lat odwiedzaj\u0105cy go\u015bcie mog\u0105 tak\u017ce podziwia\u0107 zabytkowy fortepian ofiarowany przez Dorot\u0119 i Mieczys\u0142awa Kaweckich. <\/p>\n\n\n\n<figure class=\"wp-block-image size-large\"><img decoding=\"async\" width=\"960\" height=\"873\" data-src=\"https:\/\/gazetaregionalna.com\/wp-content\/uploads\/2020\/08\/pianino-4.jpg\" alt=\"\" class=\"wp-image-18919 lazyload\" data-srcset=\"https:\/\/gazetaregionalna.com\/wp-content\/uploads\/2020\/08\/pianino-4.jpg 960w, https:\/\/gazetaregionalna.com\/wp-content\/uploads\/2020\/08\/pianino-4-300x273.jpg 300w, https:\/\/gazetaregionalna.com\/wp-content\/uploads\/2020\/08\/pianino-4-768x698.jpg 768w, https:\/\/gazetaregionalna.com\/wp-content\/uploads\/2020\/08\/pianino-4-696x633.jpg 696w, https:\/\/gazetaregionalna.com\/wp-content\/uploads\/2020\/08\/pianino-4-462x420.jpg 462w\" data-sizes=\"(max-width: 960px) 100vw, 960px\" src=\"data:image\/svg+xml;base64,PHN2ZyB3aWR0aD0iMSIgaGVpZ2h0PSIxIiB4bWxucz0iaHR0cDovL3d3dy53My5vcmcvMjAwMC9zdmciPjwvc3ZnPg==\" style=\"--smush-placeholder-width: 960px; --smush-placeholder-aspect-ratio: 960\/873;\" \/><figcaption>Fot: GOK Poraj<\/figcaption><\/figure>\n","protected":false},"excerpt":{"rendered":"<p>W Gminnym O\u015brodku Kultury im. Janusza Gniatkowskiego w Poraju w Galerii Sztuki Wsp\u00f3\u0142czesnej pojawi\u0142o si\u0119 zabytkowe pianino i szafka na nuty. Darczy\u0144c\u0105 instrumentu oraz<\/p>\n","protected":false},"author":12,"featured_media":18916,"comment_status":"open","ping_status":"open","sticky":false,"template":"","format":"standard","meta":{"_monsterinsights_skip_tracking":false,"_monsterinsights_sitenote_active":false,"_monsterinsights_sitenote_note":"","_monsterinsights_sitenote_category":0,"_uf_show_specific_survey":0,"_uf_disable_surveys":false,"footnotes":""},"categories":[12,26,94,2],"tags":[],"class_list":["post-18914","post","type-post","status-publish","format-standard","has-post-thumbnail","hentry","category-kultura-i-rozrywka","category-myszkow","category-polecane","category-wiadomosci"],"_links":{"self":[{"href":"https:\/\/gazetaregionalna.com\/index.php?rest_route=\/wp\/v2\/posts\/18914","targetHints":{"allow":["GET"]}}],"collection":[{"href":"https:\/\/gazetaregionalna.com\/index.php?rest_route=\/wp\/v2\/posts"}],"about":[{"href":"https:\/\/gazetaregionalna.com\/index.php?rest_route=\/wp\/v2\/types\/post"}],"author":[{"embeddable":true,"href":"https:\/\/gazetaregionalna.com\/index.php?rest_route=\/wp\/v2\/users\/12"}],"replies":[{"embeddable":true,"href":"https:\/\/gazetaregionalna.com\/index.php?rest_route=%2Fwp%2Fv2%2Fcomments&post=18914"}],"version-history":[{"count":3,"href":"https:\/\/gazetaregionalna.com\/index.php?rest_route=\/wp\/v2\/posts\/18914\/revisions"}],"predecessor-version":[{"id":18922,"href":"https:\/\/gazetaregionalna.com\/index.php?rest_route=\/wp\/v2\/posts\/18914\/revisions\/18922"}],"wp:featuredmedia":[{"embeddable":true,"href":"https:\/\/gazetaregionalna.com\/index.php?rest_route=\/wp\/v2\/media\/18916"}],"wp:attachment":[{"href":"https:\/\/gazetaregionalna.com\/index.php?rest_route=%2Fwp%2Fv2%2Fmedia&parent=18914"}],"wp:term":[{"taxonomy":"category","embeddable":true,"href":"https:\/\/gazetaregionalna.com\/index.php?rest_route=%2Fwp%2Fv2%2Fcategories&post=18914"},{"taxonomy":"post_tag","embeddable":true,"href":"https:\/\/gazetaregionalna.com\/index.php?rest_route=%2Fwp%2Fv2%2Ftags&post=18914"}],"curies":[{"name":"wp","href":"https:\/\/api.w.org\/{rel}","templated":true}]}}