{"id":18909,"date":"2020-08-16T09:35:31","date_gmt":"2020-08-16T09:35:31","guid":{"rendered":"https:\/\/gazetaregionalna.com\/?p=18909"},"modified":"2020-08-16T09:35:34","modified_gmt":"2020-08-16T09:35:34","slug":"w-zarkach-letnisko","status":"publish","type":"post","link":"https:\/\/gazetaregionalna.com\/?p=18909","title":{"rendered":"Uwaga. W \u017barkach Letnisko czasowo zamkni\u0119ty przejazd kolejowy"},"content":{"rendered":"\n<h2 class=\"wp-block-heading\">Przejazd drogowo \u2013 kolejowy w \u017barkach Letnisko b\u0119dzie czasowo zamkni\u0119ty.<\/h2>\n\n\n\n<p>Grupa ZUE S.A. informuje, \u017ce w dniach <strong>od<\/strong> <strong>17 do 21 sierpnia 2020 roku<\/strong> przejazd kolejowo \u2013 drogowy w ci\u0105gu <strong>ul. Nadrzecznej w \u017barkach Letnisko<\/strong> b\u0119dzie zamkni\u0119ty. Powodem utrudnienia w ruchu s\u0105 prowadzone roboty modernizacji na linii kolejowej nr 1, na odcinku Cz\u0119stochowa \u2013 Zawiercie. <\/p>\n\n\n\n<figure class=\"wp-block-image size-large\"><img decoding=\"async\" width=\"849\" height=\"874\" data-src=\"https:\/\/gazetaregionalna.com\/wp-content\/uploads\/2020\/08\/info-kolej.jpg\" alt=\"\" class=\"wp-image-18911 lazyload\" data-srcset=\"https:\/\/gazetaregionalna.com\/wp-content\/uploads\/2020\/08\/info-kolej.jpg 849w, https:\/\/gazetaregionalna.com\/wp-content\/uploads\/2020\/08\/info-kolej-291x300.jpg 291w, https:\/\/gazetaregionalna.com\/wp-content\/uploads\/2020\/08\/info-kolej-768x791.jpg 768w, https:\/\/gazetaregionalna.com\/wp-content\/uploads\/2020\/08\/info-kolej-696x716.jpg 696w, https:\/\/gazetaregionalna.com\/wp-content\/uploads\/2020\/08\/info-kolej-408x420.jpg 408w\" data-sizes=\"(max-width: 849px) 100vw, 849px\" src=\"data:image\/svg+xml;base64,PHN2ZyB3aWR0aD0iMSIgaGVpZ2h0PSIxIiB4bWxucz0iaHR0cDovL3d3dy53My5vcmcvMjAwMC9zdmciPjwvc3ZnPg==\" style=\"--smush-placeholder-width: 849px; --smush-placeholder-aspect-ratio: 849\/874;\" \/><figcaption>Fot: Gmina Poraj<\/figcaption><\/figure>\n","protected":false},"excerpt":{"rendered":"<p>Przejazd drogowo \u2013 kolejowy w \u017barkach Letnisko b\u0119dzie czasowo zamkni\u0119ty. Grupa ZUE S.A. informuje, \u017ce w dniach od 17 do 21 sierpnia 2020 roku<\/p>\n","protected":false},"author":12,"featured_media":18912,"comment_status":"open","ping_status":"open","sticky":false,"template":"","format":"standard","meta":{"_monsterinsights_skip_tracking":false,"_monsterinsights_sitenote_active":false,"_monsterinsights_sitenote_note":"","_monsterinsights_sitenote_category":0,"_uf_show_specific_survey":0,"_uf_disable_surveys":false,"footnotes":""},"categories":[20,33,18,26,94,2],"tags":[],"class_list":["post-18909","post","type-post","status-publish","format-standard","has-post-thumbnail","hentry","category-budownictwo","category-inwestycje","category-motoryzacja","category-myszkow","category-polecane","category-wiadomosci"],"_links":{"self":[{"href":"https:\/\/gazetaregionalna.com\/index.php?rest_route=\/wp\/v2\/posts\/18909","targetHints":{"allow":["GET"]}}],"collection":[{"href":"https:\/\/gazetaregionalna.com\/index.php?rest_route=\/wp\/v2\/posts"}],"about":[{"href":"https:\/\/gazetaregionalna.com\/index.php?rest_route=\/wp\/v2\/types\/post"}],"author":[{"embeddable":true,"href":"https:\/\/gazetaregionalna.com\/index.php?rest_route=\/wp\/v2\/users\/12"}],"replies":[{"embeddable":true,"href":"https:\/\/gazetaregionalna.com\/index.php?rest_route=%2Fwp%2Fv2%2Fcomments&post=18909"}],"version-history":[{"count":2,"href":"https:\/\/gazetaregionalna.com\/index.php?rest_route=\/wp\/v2\/posts\/18909\/revisions"}],"predecessor-version":[{"id":18913,"href":"https:\/\/gazetaregionalna.com\/index.php?rest_route=\/wp\/v2\/posts\/18909\/revisions\/18913"}],"wp:featuredmedia":[{"embeddable":true,"href":"https:\/\/gazetaregionalna.com\/index.php?rest_route=\/wp\/v2\/media\/18912"}],"wp:attachment":[{"href":"https:\/\/gazetaregionalna.com\/index.php?rest_route=%2Fwp%2Fv2%2Fmedia&parent=18909"}],"wp:term":[{"taxonomy":"category","embeddable":true,"href":"https:\/\/gazetaregionalna.com\/index.php?rest_route=%2Fwp%2Fv2%2Fcategories&post=18909"},{"taxonomy":"post_tag","embeddable":true,"href":"https:\/\/gazetaregionalna.com\/index.php?rest_route=%2Fwp%2Fv2%2Ftags&post=18909"}],"curies":[{"name":"wp","href":"https:\/\/api.w.org\/{rel}","templated":true}]}}