{"id":18904,"date":"2020-08-15T14:33:02","date_gmt":"2020-08-15T14:33:02","guid":{"rendered":"https:\/\/gazetaregionalna.com\/?p=18904"},"modified":"2020-08-15T14:33:04","modified_gmt":"2020-08-15T14:33:04","slug":"joga","status":"publish","type":"post","link":"https:\/\/gazetaregionalna.com\/?p=18904","title":{"rendered":"Joga o zachodzie s\u0142o\u0144ca w Lubisferze w Lubli\u0144cu"},"content":{"rendered":"\n<h2 class=\"wp-block-heading\">W najbli\u017csz\u0105 niedziel\u0119, 16 sierpnia, Lubisfera zaprasza o zachodzie s\u0142o\u0144ca na zaj\u0119cia z jogi.<\/h2>\n\n\n\n<p>Spotkanie poprowadzi\np. Gosia Mi\u015bkowicz. &#8211;&nbsp;<a href=\"https:\/\/www.facebook.com\/Joga-pod-D%C4%99bami-2261943754122397\" target=\"_blank\" rel=\"noopener\">Joga pod\nD\u0119bami<\/a>, na tarasie widokowym o godzinie 19:00. Karimaty zagwarantowane\nprzez organizatora. <\/p>\n\n\n\n<p>Rezerwacja miejsc w recepcji lub telefonicznie 609\u00a0323\u00a0044. Wst\u0119p wolny. <\/p>\n\n\n\n<figure class=\"wp-block-image size-large\"><img decoding=\"async\" width=\"940\" height=\"788\" data-src=\"https:\/\/gazetaregionalna.com\/wp-content\/uploads\/2020\/08\/plakat-joga.png\" alt=\"\" class=\"wp-image-18907 lazyload\" data-srcset=\"https:\/\/gazetaregionalna.com\/wp-content\/uploads\/2020\/08\/plakat-joga.png 940w, https:\/\/gazetaregionalna.com\/wp-content\/uploads\/2020\/08\/plakat-joga-300x251.png 300w, https:\/\/gazetaregionalna.com\/wp-content\/uploads\/2020\/08\/plakat-joga-768x644.png 768w, https:\/\/gazetaregionalna.com\/wp-content\/uploads\/2020\/08\/plakat-joga-696x583.png 696w, https:\/\/gazetaregionalna.com\/wp-content\/uploads\/2020\/08\/plakat-joga-501x420.png 501w\" data-sizes=\"(max-width: 940px) 100vw, 940px\" src=\"data:image\/svg+xml;base64,PHN2ZyB3aWR0aD0iMSIgaGVpZ2h0PSIxIiB4bWxucz0iaHR0cDovL3d3dy53My5vcmcvMjAwMC9zdmciPjwvc3ZnPg==\" style=\"--smush-placeholder-width: 940px; --smush-placeholder-aspect-ratio: 940\/788;\" \/><figcaption>Fot: Lubisfera<\/figcaption><\/figure>\n","protected":false},"excerpt":{"rendered":"<p>W najbli\u017csz\u0105 niedziel\u0119, 16 sierpnia, Lubisfera zaprasza o zachodzie s\u0142o\u0144ca na zaj\u0119cia z jogi. Spotkanie poprowadzi p. Gosia Mi\u015bkowicz. &#8211;&nbsp;Joga pod D\u0119bami, na tarasie<\/p>\n","protected":false},"author":12,"featured_media":18906,"comment_status":"open","ping_status":"open","sticky":false,"template":"","format":"standard","meta":{"_monsterinsights_skip_tracking":false,"_monsterinsights_sitenote_active":false,"_monsterinsights_sitenote_note":"","_monsterinsights_sitenote_category":0,"_uf_show_specific_survey":0,"_uf_disable_surveys":false,"footnotes":""},"categories":[12,25,94,2,37],"tags":[],"class_list":["post-18904","post","type-post","status-publish","format-standard","has-post-thumbnail","hentry","category-kultura-i-rozrywka","category-lubliniec","category-polecane","category-wiadomosci","category-zdrowie"],"_links":{"self":[{"href":"https:\/\/gazetaregionalna.com\/index.php?rest_route=\/wp\/v2\/posts\/18904","targetHints":{"allow":["GET"]}}],"collection":[{"href":"https:\/\/gazetaregionalna.com\/index.php?rest_route=\/wp\/v2\/posts"}],"about":[{"href":"https:\/\/gazetaregionalna.com\/index.php?rest_route=\/wp\/v2\/types\/post"}],"author":[{"embeddable":true,"href":"https:\/\/gazetaregionalna.com\/index.php?rest_route=\/wp\/v2\/users\/12"}],"replies":[{"embeddable":true,"href":"https:\/\/gazetaregionalna.com\/index.php?rest_route=%2Fwp%2Fv2%2Fcomments&post=18904"}],"version-history":[{"count":2,"href":"https:\/\/gazetaregionalna.com\/index.php?rest_route=\/wp\/v2\/posts\/18904\/revisions"}],"predecessor-version":[{"id":18908,"href":"https:\/\/gazetaregionalna.com\/index.php?rest_route=\/wp\/v2\/posts\/18904\/revisions\/18908"}],"wp:featuredmedia":[{"embeddable":true,"href":"https:\/\/gazetaregionalna.com\/index.php?rest_route=\/wp\/v2\/media\/18906"}],"wp:attachment":[{"href":"https:\/\/gazetaregionalna.com\/index.php?rest_route=%2Fwp%2Fv2%2Fmedia&parent=18904"}],"wp:term":[{"taxonomy":"category","embeddable":true,"href":"https:\/\/gazetaregionalna.com\/index.php?rest_route=%2Fwp%2Fv2%2Fcategories&post=18904"},{"taxonomy":"post_tag","embeddable":true,"href":"https:\/\/gazetaregionalna.com\/index.php?rest_route=%2Fwp%2Fv2%2Ftags&post=18904"}],"curies":[{"name":"wp","href":"https:\/\/api.w.org\/{rel}","templated":true}]}}