{"id":18734,"date":"2020-08-13T10:59:29","date_gmt":"2020-08-13T10:59:29","guid":{"rendered":"https:\/\/gazetaregionalna.com\/?p=18734"},"modified":"2020-08-13T11:00:30","modified_gmt":"2020-08-13T11:00:30","slug":"szlakami-miejsc-niezwyklych","status":"publish","type":"post","link":"https:\/\/gazetaregionalna.com\/?p=18734","title":{"rendered":"\u201cSzlakami miejsc niezwyk\u0142ych\u201d. Kozieg\u0142owy zapraszaj\u0105 do wzi\u0119cia udzia\u0142u w konkursie"},"content":{"rendered":"\n<p>Miejsko Gminny O\u015brodek Promocji Kultury w\nKozieg\u0142owach zaprasza wszystkich mieszka\u0144c\u00f3w z Gminy Kozieg\u0142owy do wzi\u0119cia\nudzia\u0142u w konkursie <strong>\u201cSzlakami miejsc\nniezwyk\u0142ych\u201d<\/strong>.&nbsp;<\/p>\n\n\n\n<p>Celem konkursu jest wsp\u00f3lne, aktywne sp\u0119dzenie\nczasu razem z rodzin\u0105 poprzez obcowanie z kultur\u0105. Jest to r\u00f3wnie\u017c dobra\npromocja Gminy Kozieg\u0142owy, jej miejsc, zabytk\u00f3w kultury i przyrody. Ka\u017cdy\nuczestnik b\u0119dzie mia\u0142 okazj\u0119 do wykazania si\u0119 kreatywno\u015bci\u0105, sprawno\u015bci\u0105 i\numiej\u0119tno\u015bciami logistycznymi. <\/p>\n\n\n\n<p>Aby wzi\u0105\u0107 udzia\u0142 w zabawie, nale\u017cy w pierwszej kolejno\u015bci wype\u0142ni\u0107 kart\u0119\nzg\u0142oszeniow\u0105 i odes\u0142a\u0107 poczt\u0105 elektroniczn\u0105 na adres <a href=\"mailto:dkkozieg\u0142owy@wp.pl\">dkkozieg\u0142owy@wp.pl<\/a> lub z\u0142o\u017cy\u0107 osobi\u015bcie do\nsiedziby organizatora Miejsko\n\u2013 Gminny O\u015brodek Promocji Kultury Kozieg\u0142owy ul. \u017barecka 28. Nast\u0119pnie:<\/p>\n\n\n\n<ul class=\"wp-block-list\"><li>odwiedzi\u0107 jak\nnajwi\u0119ksz\u0105 liczb\u0119 ciekawych miejsc zwi\u0105zanych z histori\u0105, przyrod\u0105,\narchitektur\u0105 w Gminie Kozieg\u0142owy;<\/li><li>stworzy\u0107 dokumentacj\u0119 fotograficzn\u0105 odwiedzonych miejsc,\nkt\u00f3r\u0105 trzeba przes\u0142a\u0107 poczt\u0105 elektroniczn\u0105 na adres <a href=\"mailto:dkkozieg\u0142owy@wp.pl\">dkkozieg\u0142owy@wp.pl<\/a> lub z\u0142o\u017cy\u0107\nosobi\u015bcie w Sekretariacie MGOPK w Kozieg\u0142owach <strong>do 30 wrze\u015bnia 2020 r<\/strong>.<\/li><\/ul>\n\n\n\n<p>Za ka\u017cde odwiedzone miejsce z listy rodzina dostaje 1 punkt. Dodatkowo\nzawodnicy mog\u0105 otrzyma\u0107 5 punkt\u00f3w za odnalezienie i udokumentowanie miejsca\nwarto\u015bciowego pod wzgl\u0119dem historycznym, przyrodniczym czy architektonicznym nieznajduj\u0105cego\nsi\u0119 na li\u015bcie proponowanych miejsc (zdj\u0119cie + potwierdzony opis). <\/p>\n\n\n\n<p>Rodziny, kt\u00f3re zdob\u0119d\u0105 jak najwi\u0119cej punkt\u00f3w, otrzymaj\u0105\nnagrody rzeczowe. <\/p>\n\n\n\n<p>Wyniki Konkursu og\u0142oszone zostan\u0105 w terminie do <strong>14 pa\u017adziernika w 2020 r.<\/strong> na stronie internetowej organizatora.<\/p>\n\n\n\n<p>O zwyci\u0119stwie laureaci &nbsp;zostan\u0105 poinformowani telefonicznie.<\/p>\n\n\n\n<p><strong>Konkurs trwa od 7 sierpnia do 30 wrze\u015bnia 2020 roku na terenie Gminy Kozieg\u0142owy. <\/strong><\/p>\n\n\n\n<div class=\"wp-block-file\"><a href=\"https:\/\/gazetaregionalna.com\/wp-content\/uploads\/2020\/08\/Karta-zg\u0142oszeniowa.pdf\">Karta zg\u0142oszeniowa<\/a><a href=\"https:\/\/gazetaregionalna.com\/wp-content\/uploads\/2020\/08\/Karta-zg\u0142oszeniowa.pdf\" class=\"wp-block-file__button\" download>Pobierz<\/a><\/div>\n\n\n\n<div class=\"wp-block-file\"><a href=\"https:\/\/gazetaregionalna.com\/wp-content\/uploads\/2020\/08\/Zgoda-rodzic\u00f3w-do-konkursu.pdf\">Zgoda rodzic\u00f3w do konkursu<\/a><a href=\"https:\/\/gazetaregionalna.com\/wp-content\/uploads\/2020\/08\/Zgoda-rodzic\u00f3w-do-konkursu.pdf\" class=\"wp-block-file__button\" download>Pobierz<\/a><\/div>\n\n\n\n<div class=\"wp-block-file\"><a href=\"https:\/\/gazetaregionalna.com\/wp-content\/uploads\/2020\/08\/Lista-proponowanych-miejsc.pdf\">Lista proponowanych miejsc<\/a><a href=\"https:\/\/gazetaregionalna.com\/wp-content\/uploads\/2020\/08\/Lista-proponowanych-miejsc.pdf\" class=\"wp-block-file__button\" download>Pobierz<\/a><\/div>\n\n\n\n<div class=\"wp-block-file\"><a href=\"https:\/\/gazetaregionalna.com\/wp-content\/uploads\/2020\/08\/Regulamin.pdf\">Regulamin<\/a><a href=\"https:\/\/gazetaregionalna.com\/wp-content\/uploads\/2020\/08\/Regulamin.pdf\" class=\"wp-block-file__button\" download>Pobierz<\/a><\/div>\n\n\n\n<figure class=\"wp-block-image size-large\"><img decoding=\"async\" width=\"679\" height=\"960\" data-src=\"https:\/\/gazetaregionalna.com\/wp-content\/uploads\/2020\/08\/plakat-1.png\" alt=\"\" class=\"wp-image-18737 lazyload\" data-srcset=\"https:\/\/gazetaregionalna.com\/wp-content\/uploads\/2020\/08\/plakat-1.png 679w, https:\/\/gazetaregionalna.com\/wp-content\/uploads\/2020\/08\/plakat-1-212x300.png 212w, https:\/\/gazetaregionalna.com\/wp-content\/uploads\/2020\/08\/plakat-1-297x420.png 297w\" data-sizes=\"(max-width: 679px) 100vw, 679px\" src=\"data:image\/svg+xml;base64,PHN2ZyB3aWR0aD0iMSIgaGVpZ2h0PSIxIiB4bWxucz0iaHR0cDovL3d3dy53My5vcmcvMjAwMC9zdmciPjwvc3ZnPg==\" style=\"--smush-placeholder-width: 679px; --smush-placeholder-aspect-ratio: 679\/960;\" \/><figcaption>(Fot: MGOPK Kozieg\u0142owy)<\/figcaption><\/figure>\n\n\n\n<p><\/p>\n","protected":false},"excerpt":{"rendered":"<p>Miejsko Gminny O\u015brodek Promocji Kultury w Kozieg\u0142owach zaprasza wszystkich mieszka\u0144c\u00f3w z Gminy Kozieg\u0142owy do wzi\u0119cia udzia\u0142u w konkursie \u201cSzlakami miejsc niezwyk\u0142ych\u201d.&nbsp; Celem konkursu jest<\/p>\n","protected":false},"author":12,"featured_media":18736,"comment_status":"open","ping_status":"open","sticky":false,"template":"","format":"standard","meta":{"_monsterinsights_skip_tracking":false,"_monsterinsights_sitenote_active":false,"_monsterinsights_sitenote_note":"","_monsterinsights_sitenote_category":0,"_uf_show_specific_survey":0,"_uf_disable_surveys":false,"footnotes":""},"categories":[321,12,26,94,97,2],"tags":[],"class_list":["post-18734","post","type-post","status-publish","format-standard","has-post-thumbnail","hentry","category-historia","category-kultura-i-rozrywka","category-myszkow","category-polecane","category-rodzina","category-wiadomosci"],"_links":{"self":[{"href":"https:\/\/gazetaregionalna.com\/index.php?rest_route=\/wp\/v2\/posts\/18734","targetHints":{"allow":["GET"]}}],"collection":[{"href":"https:\/\/gazetaregionalna.com\/index.php?rest_route=\/wp\/v2\/posts"}],"about":[{"href":"https:\/\/gazetaregionalna.com\/index.php?rest_route=\/wp\/v2\/types\/post"}],"author":[{"embeddable":true,"href":"https:\/\/gazetaregionalna.com\/index.php?rest_route=\/wp\/v2\/users\/12"}],"replies":[{"embeddable":true,"href":"https:\/\/gazetaregionalna.com\/index.php?rest_route=%2Fwp%2Fv2%2Fcomments&post=18734"}],"version-history":[{"count":3,"href":"https:\/\/gazetaregionalna.com\/index.php?rest_route=\/wp\/v2\/posts\/18734\/revisions"}],"predecessor-version":[{"id":18744,"href":"https:\/\/gazetaregionalna.com\/index.php?rest_route=\/wp\/v2\/posts\/18734\/revisions\/18744"}],"wp:featuredmedia":[{"embeddable":true,"href":"https:\/\/gazetaregionalna.com\/index.php?rest_route=\/wp\/v2\/media\/18736"}],"wp:attachment":[{"href":"https:\/\/gazetaregionalna.com\/index.php?rest_route=%2Fwp%2Fv2%2Fmedia&parent=18734"}],"wp:term":[{"taxonomy":"category","embeddable":true,"href":"https:\/\/gazetaregionalna.com\/index.php?rest_route=%2Fwp%2Fv2%2Fcategories&post=18734"},{"taxonomy":"post_tag","embeddable":true,"href":"https:\/\/gazetaregionalna.com\/index.php?rest_route=%2Fwp%2Fv2%2Ftags&post=18734"}],"curies":[{"name":"wp","href":"https:\/\/api.w.org\/{rel}","templated":true}]}}