{"id":18694,"date":"2020-08-13T08:14:11","date_gmt":"2020-08-13T08:14:11","guid":{"rendered":"https:\/\/gazetaregionalna.com\/?p=18694"},"modified":"2020-08-13T08:14:51","modified_gmt":"2020-08-13T08:14:51","slug":"w-kamyku","status":"publish","type":"post","link":"https:\/\/gazetaregionalna.com\/?p=18694","title":{"rendered":"Pr\u00f3bowali w\u0142ama\u0107 si\u0119 do domu w Kamyku. Zostali zatrzymani \u201ena gor\u0105cym uczynku\u201d"},"content":{"rendered":"\n<h2 class=\"wp-block-heading\">Funkcjonariusze z k\u0142obuckiej komendy zatrzymali dw\u00f3ch m\u0119\u017cczyzn, kt\u00f3rzy\npr\u00f3bowali w\u0142ama\u0107 si\u0119 do budynku w Kamyku.<\/h2>\n\n\n\n<p>W nocy ze\n\u015brody na czwartek, 5 sierpnia br. policjanci z Ogniwa Patrolowo-Interwencyjnego\nKPP w K\u0142obucku uzyskali informacje, \u017ce na placu jednej z posesji na ul.\nSzkolnej w Kamyku kr\u0119c\u0105 si\u0119 podejrzane osoby z latarkami.<\/p>\n\n\n\n<p>O ca\u0142ej\nsprawie policjanci poinformowali oficera dy\u017curnego i udali si\u0119 w miejsce\nzg\u0142oszenia. Do pomocy zostali r\u00f3wnie\u017c skierowani policjanci z Komisariatu\nPolicji we Wr\u0119czycy Wielkiej. <\/p>\n\n\n\n<p>Na miejscu\npo sprawdzeniu posesji i zabudowa\u0144 okaza\u0142o si\u0119, \u017ce budynek jest pusty, ale na\nterenie wok\u00f3\u0142 niego s\u0105 \u015blady potwierdzaj\u0105ce obecno\u015b\u0107 innych os\u00f3b. Po kilku\nminutach funkcjonariusze odnale\u017ali i zatrzymali dw\u00f3ch m\u0119\u017cczyzn ukrywaj\u0105cych si\u0119\nna posesji. <\/p>\n\n\n\n<p>Zatrzymani\nm\u0119\u017cczy\u017ani ubrani byli w stroje moro i wojskowe buty. Dodatkowo jeden z nich\nnosi\u0142 ciemn\u0105 czapk\u0119, a drugi kominiark\u0119.<\/p>\n\n\n\n<p>M\u0119\u017cczy\u017ani byli przygotowani do w\u0142amania. Policja znalaz\u0142a przy nich m.in. du\u017cy n\u00f3\u017c, pa\u0142k\u0119 teleskopow\u0105, latark\u0119, siekier\u0119 i m\u0142otek.<\/p>\n\n\n\n<p>Dodatkowo na terenie przyleg\u0142ym do posesji, w odleg\u0142o\u015bci oko\u0142o 100 metr\u00f3w, policjanci znale\u017ali pusty samoch\u00f3d terenowy. Pokrywa silnika by\u0142a jeszcze ciep\u0142a, a w \u015brodku znajdowa\u0142y si\u0119 brechy i przeno\u015bne radiostacje. Kluczyki do tego samochodu odnaleziono przy jednym z m\u0119\u017cczyzn. W\u0142a\u015bciciela pojazdu nie by\u0142o w\u015br\u00f3d zatrzymanych.<\/p>\n\n\n\n<p>Podczas przeszukania pojazdu funkcjonariusze zabezpieczyli woreczek z bia\u0142ym proszkiem. Po wykonaniu wst\u0119pnych test\u00f3w okaza\u0142o si\u0119, \u017ce bia\u0142y proszek to amfetamina. Odnalezione narkotyki nale\u017ca\u0142y do w\u0142a\u015bciciela pojazdu, mieszka\u0144ca powiatu cz\u0119stochowskiego. M\u0119\u017cczyzna us\u0142ysza\u0142 zarzuty posiadania nielegalnych substancji.<\/p>\n\n\n\n<p>Dwaj podejrzani m\u0119\u017cczy\u017ani: 40-letni mieszkaniec powiatu cz\u0119stochowskiego oraz 33-letni mieszkaniec Cz\u0119stochowy, us\u0142yszeli zarzuty karne &nbsp;usi\u0142owania w\u0142amania. Wobec m\u0119\u017cczyzn zosta\u0142 zastosowany \u015brodek zapobiegawczy w postaci dozoru policyjnego.<\/p>\n\n\n\n<p>Dok\u0142adne okoliczno\u015bci sprawy pod nadzorem cz\u0119stochowskiego prokuratora wyja\u015bniaj\u0105 k\u0142obuccy kryminalni.<\/p>\n\n\n\n<p>[post_gallery]<\/p>\n","protected":false},"excerpt":{"rendered":"<p>Funkcjonariusze z k\u0142obuckiej komendy zatrzymali dw\u00f3ch m\u0119\u017cczyzn, kt\u00f3rzy pr\u00f3bowali w\u0142ama\u0107 si\u0119 do budynku w Kamyku. W nocy ze \u015brody na czwartek, 5 sierpnia br.<\/p>\n","protected":false},"author":12,"featured_media":18697,"comment_status":"open","ping_status":"open","sticky":false,"template":"","format":"standard","meta":{"_monsterinsights_skip_tracking":false,"_monsterinsights_sitenote_active":false,"_monsterinsights_sitenote_note":"","_monsterinsights_sitenote_category":0,"_uf_show_specific_survey":0,"_uf_disable_surveys":false,"footnotes":""},"categories":[44,27,94,2],"tags":[],"class_list":["post-18694","post","type-post","status-publish","format-standard","has-post-thumbnail","hentry","category-bezpieczenstwo","category-klobuck-informacje","category-polecane","category-wiadomosci"],"_links":{"self":[{"href":"https:\/\/gazetaregionalna.com\/index.php?rest_route=\/wp\/v2\/posts\/18694","targetHints":{"allow":["GET"]}}],"collection":[{"href":"https:\/\/gazetaregionalna.com\/index.php?rest_route=\/wp\/v2\/posts"}],"about":[{"href":"https:\/\/gazetaregionalna.com\/index.php?rest_route=\/wp\/v2\/types\/post"}],"author":[{"embeddable":true,"href":"https:\/\/gazetaregionalna.com\/index.php?rest_route=\/wp\/v2\/users\/12"}],"replies":[{"embeddable":true,"href":"https:\/\/gazetaregionalna.com\/index.php?rest_route=%2Fwp%2Fv2%2Fcomments&post=18694"}],"version-history":[{"count":3,"href":"https:\/\/gazetaregionalna.com\/index.php?rest_route=\/wp\/v2\/posts\/18694\/revisions"}],"predecessor-version":[{"id":18701,"href":"https:\/\/gazetaregionalna.com\/index.php?rest_route=\/wp\/v2\/posts\/18694\/revisions\/18701"}],"wp:featuredmedia":[{"embeddable":true,"href":"https:\/\/gazetaregionalna.com\/index.php?rest_route=\/wp\/v2\/media\/18697"}],"wp:attachment":[{"href":"https:\/\/gazetaregionalna.com\/index.php?rest_route=%2Fwp%2Fv2%2Fmedia&parent=18694"}],"wp:term":[{"taxonomy":"category","embeddable":true,"href":"https:\/\/gazetaregionalna.com\/index.php?rest_route=%2Fwp%2Fv2%2Fcategories&post=18694"},{"taxonomy":"post_tag","embeddable":true,"href":"https:\/\/gazetaregionalna.com\/index.php?rest_route=%2Fwp%2Fv2%2Ftags&post=18694"}],"curies":[{"name":"wp","href":"https:\/\/api.w.org\/{rel}","templated":true}]}}