{"id":1861,"date":"2019-01-31T10:15:05","date_gmt":"2019-01-31T10:15:05","guid":{"rendered":"http:\/\/gazetaregionalna.com\/?p=1861"},"modified":"2019-01-31T10:15:05","modified_gmt":"2019-01-31T10:15:05","slug":"zmodernizuja-linie-tramwajowe-prace-wkrotce-sie-rozpoczna","status":"publish","type":"post","link":"https:\/\/gazetaregionalna.com\/?p=1861","title":{"rendered":"Zmodernizuj\u0105 linie tramwajowe. Prace wkr\u00f3tce si\u0119 rozpoczn\u0105"},"content":{"rendered":"<p>&nbsp;<\/p>\n<p>Najwi\u0119ksza inwestycja zwi\u0105zana z transportem miejskim powoli staje si\u0119 faktem. Przebudowany zostanie odcinek od p\u0119tli P\u00f3\u0142noc do p\u0119tli Rak\u00f3w z wy\u0142\u0105czeniem zmodernizowanego odcinka w alei Niepodleg\u0142o\u015bci oraz zajezdni MPK.<\/p>\n<p>W maju ubieg\u0142ego roku zosta\u0142a podpisana umowa z konsorcjum firm NDI, kt\u00f3ra to wygra\u0142a przetarg na przebudow\u0119 linii tramwajowych w Cz\u0119stochowie. Kwota jak\u0105 zaproponowali to ponad 114 mln z\u0142. Na prze\u0142omie lutego i marca rozpoczn\u0105 si\u0119 wszelkie prace zwi\u0105zane z modernizacj\u0105 linii tramwajowej. Modernizowana trasa b\u0119dzie mia\u0142 d\u0142ugo\u015b\u0107 ok 14 km.<\/p>\n<p>Gruntowny remont sieci trakcyjnej oraz remont torowiska b\u0119dzie podzielony na sze\u015b\u0107 etap\u00f3w. Obejm\u0105 one przebudow\u0119 sieci trakcyjnej, sterowania i ogrzewania zwrotnic oraz smarownic szyn, przebudow\u0119 torowiska wraz z budow\u0105 albo przebudow\u0105 przystank\u00f3w i peron\u00f3w, a tak\u017ce budow\u0119 i przebudow\u0119 trakcyjnych linii kablowych. Zakres prac obejmie tak\u017ce m.in. kanalizacj\u0119, sie\u0107 gazow\u0105 i ciep\u0142ownicz\u0105 oraz sie\u0107 telekomunikacyjn\u0105. Infrastruktura zostanie przygotowana pod monta\u017c o\u015bwietlenia sieci trakcyjnej. Zagospodarowany zostanie r\u00f3wnie\u017c teren zieleni.<\/p>\n<p>Dla stacji \u201eFieldorfa\u201d i \u201eNiepodleg\u0142o\u015bci\u201d zbudowana b\u0119dzie linia zasilania podstawowego i rezerwowego oraz dwie nowe podstacje trakcyjne wraz z niezb\u0119dnymi instalacjami. Fragment pomi\u0119dzy ul. Jasnog\u00f3rsk\u0105 a dworcem PKS, wykonany b\u0119dzie w technologii zielonego torowiska. Mi\u0119dzy szynami b\u0119dzie zasadzony rozchodnik, co z pewno\u015bci\u0105 b\u0119dzie mia\u0142o estetyczny wygl\u0105d, ale przede wszystkim wp\u0142ynie na t\u0142umienie ha\u0142asu. Przebudowa obejmie tak\u017ce podstacje trakcyjn\u0105 \u201eCzartoryskiego\u201d. Dla zespo\u0142u kierowania ruchem, wybudowane b\u0119dzie centrum sterowania z klimatyzowanymi pomieszczeniami, szatniami, toalet\u0105 oraz magazynem dostosowanym do potrzeb pogotowia sieciowego. Przebudowane b\u0119d\u0105 dwie p\u0119tle \u2013 ,,Fieldorfa\u201d oraz ,,Kiedrzy\u0144ska\u201d. W ramach inwestycji dla systemu zdalnego sterowania podstacji, zostan\u0105 zamontowane \u015bwiat\u0142owody.<\/p>\n<p>MPK ma nadziej\u0119, \u017ce mimo prowadzonych prac, komunikacja tramwajowa b\u0119dzie sprawna jednak nie wyklucza utrudnie\u0144 na niekt\u00f3rych odcinkach, szczeg\u00f3lnie tych w centrum miasta. Jak informuje Maciej Hasik, rzecznik Cz\u0119stochowskiego MPK: \u201dPierwotnie chcieli\u015bmy zachowa\u0107 tam komunikacj\u0119 szynow\u0105 poprzez mijanie si\u0119 tramwaj\u00f3w, wiemy jednak, \u017ce b\u0119d\u0105 z tym problemy, poniewa\u017c jest tam w\u0105sko, a musimy dostosowa\u0107 szeroko\u015b\u0107 tor\u00f3w i odleg\u0142o\u015bci mi\u0119dzy nimi do odpowiednich przepis\u00f3w. Trwaj\u0105 na ten temat jeszcze rozmowy, ale mo\u017ce okaza\u0107 si\u0119, \u017ce linia tramwajowa b\u0119dzie zamkni\u0119ta. Oczywi\u015bcie wtedy funkcjonowa\u0107 b\u0119dzie komunikacja zast\u0119pcza.\u201d<\/p>\n<p>Celem modernizacji linii tramwajowych jest przekonanie mieszka\u0144c\u00f3w do cz\u0119stszego korzystania z us\u0142ug komunikacji miejskiej. Dzi\u0119ki rozbudowie i przebudowie linii, mo\u017cliwe b\u0119dzie szybsze przemieszczanie si\u0119 po mie\u015bcie za pomoc\u0105 transportu publicznego.<\/p>\n<p>Uzupe\u0142nieniem ca\u0142ego przedsi\u0119wzi\u0119cia b\u0119dzie zakup dziesi\u0119ciu nowych tramwaj\u00f3w, kt\u00f3re wyprodukuje Pesa. Ca\u0142y projekt opiewa na kwot\u0119 ponad 114,5 mln z\u0142.<\/p>\n<p>(p.s-b.)<\/p>\n","protected":false},"excerpt":{"rendered":"<p>&nbsp; Najwi\u0119ksza inwestycja zwi\u0105zana z transportem miejskim powoli staje si\u0119 faktem. Przebudowany zostanie odcinek od p\u0119tli P\u00f3\u0142noc do p\u0119tli Rak\u00f3w z wy\u0142\u0105czeniem zmodernizowanego odcinka<\/p>\n","protected":false},"author":3,"featured_media":0,"comment_status":"open","ping_status":"closed","sticky":false,"template":"","format":"standard","meta":{"_monsterinsights_skip_tracking":false,"_monsterinsights_sitenote_active":false,"_monsterinsights_sitenote_note":"","_monsterinsights_sitenote_category":0,"_uf_show_specific_survey":0,"_uf_disable_surveys":false,"footnotes":""},"categories":[43,3,33,2],"tags":[],"class_list":["post-1861","post","type-post","status-publish","format-standard","hentry","category-biznes","category-czestochowa-informacje","category-inwestycje","category-wiadomosci"],"_links":{"self":[{"href":"https:\/\/gazetaregionalna.com\/index.php?rest_route=\/wp\/v2\/posts\/1861","targetHints":{"allow":["GET"]}}],"collection":[{"href":"https:\/\/gazetaregionalna.com\/index.php?rest_route=\/wp\/v2\/posts"}],"about":[{"href":"https:\/\/gazetaregionalna.com\/index.php?rest_route=\/wp\/v2\/types\/post"}],"author":[{"embeddable":true,"href":"https:\/\/gazetaregionalna.com\/index.php?rest_route=\/wp\/v2\/users\/3"}],"replies":[{"embeddable":true,"href":"https:\/\/gazetaregionalna.com\/index.php?rest_route=%2Fwp%2Fv2%2Fcomments&post=1861"}],"version-history":[{"count":1,"href":"https:\/\/gazetaregionalna.com\/index.php?rest_route=\/wp\/v2\/posts\/1861\/revisions"}],"predecessor-version":[{"id":1862,"href":"https:\/\/gazetaregionalna.com\/index.php?rest_route=\/wp\/v2\/posts\/1861\/revisions\/1862"}],"wp:attachment":[{"href":"https:\/\/gazetaregionalna.com\/index.php?rest_route=%2Fwp%2Fv2%2Fmedia&parent=1861"}],"wp:term":[{"taxonomy":"category","embeddable":true,"href":"https:\/\/gazetaregionalna.com\/index.php?rest_route=%2Fwp%2Fv2%2Fcategories&post=1861"},{"taxonomy":"post_tag","embeddable":true,"href":"https:\/\/gazetaregionalna.com\/index.php?rest_route=%2Fwp%2Fv2%2Ftags&post=1861"}],"curies":[{"name":"wp","href":"https:\/\/api.w.org\/{rel}","templated":true}]}}