{"id":18555,"date":"2020-08-12T08:17:26","date_gmt":"2020-08-12T08:17:26","guid":{"rendered":"https:\/\/gazetaregionalna.com\/?p=18555"},"modified":"2020-08-12T08:17:29","modified_gmt":"2020-08-12T08:17:29","slug":"w-zlotym-potoku","status":"publish","type":"post","link":"https:\/\/gazetaregionalna.com\/?p=18555","title":{"rendered":"Degustacja win w Z\u0142otym Potoku"},"content":{"rendered":"\n<h2 class=\"wp-block-heading\"><strong>\u201eWinnica na Jurze\u201d<\/strong> znajduj\u0105ca si\u0119 w Z\u0142otym Potoku zaprasza osoby pe\u0142noletnie na dni otwarte, kt\u00f3ra odb\u0119dzie si\u0119 w dniach <strong>22 i 23 sierpnia br.<\/strong> od <strong>godziny 15:00<\/strong> do ostatniego go\u015bcia.<\/h2>\n\n\n\n<figure class=\"wp-block-image size-large\"><img decoding=\"async\" width=\"960\" height=\"720\" data-src=\"https:\/\/gazetaregionalna.com\/wp-content\/uploads\/2020\/08\/winnica-2.jpg\" alt=\"\" class=\"wp-image-18557 lazyload\" data-srcset=\"https:\/\/gazetaregionalna.com\/wp-content\/uploads\/2020\/08\/winnica-2.jpg 960w, https:\/\/gazetaregionalna.com\/wp-content\/uploads\/2020\/08\/winnica-2-300x225.jpg 300w, https:\/\/gazetaregionalna.com\/wp-content\/uploads\/2020\/08\/winnica-2-768x576.jpg 768w, https:\/\/gazetaregionalna.com\/wp-content\/uploads\/2020\/08\/winnica-2-80x60.jpg 80w, https:\/\/gazetaregionalna.com\/wp-content\/uploads\/2020\/08\/winnica-2-265x198.jpg 265w, https:\/\/gazetaregionalna.com\/wp-content\/uploads\/2020\/08\/winnica-2-696x522.jpg 696w, https:\/\/gazetaregionalna.com\/wp-content\/uploads\/2020\/08\/winnica-2-560x420.jpg 560w\" data-sizes=\"(max-width: 960px) 100vw, 960px\" src=\"data:image\/svg+xml;base64,PHN2ZyB3aWR0aD0iMSIgaGVpZ2h0PSIxIiB4bWxucz0iaHR0cDovL3d3dy53My5vcmcvMjAwMC9zdmciPjwvc3ZnPg==\" style=\"--smush-placeholder-width: 960px; --smush-placeholder-aspect-ratio: 960\/720;\" \/><figcaption>(Fot: Winnica na Jurze)<\/figcaption><\/figure>\n\n\n\n<p>\u201eWinnica na Jurze\u201d to ma\u0142a, rodzinna winnica po\u0142o\u017cona na Jurze Krakowsko\n\u2013 Cz\u0119stochowskiej w Z\u0142otym Potoku. Specjalizuje si\u0119 w wytwarzaniu naturalnych win\nniefiltrowanych i wega\u0144skich, bez dodatku:<\/p>\n\n\n\n<ul class=\"wp-block-list\"><li>dro\u017cd\u017cy laboratoryjnych;<\/li><li>chemicznej siarki;<\/li><li>polepszaczy smaku;<\/li><li>polepszaczy wygl\u0105du;<\/li><li>aromat\u00f3w.<\/li><\/ul>\n\n\n\n<p>Impreza jest przeznaczona dla os\u00f3b pe\u0142noletnich. W czasie jej trwania b\u0119dzie mo\u017cna degustowa\u0107 wino i zajada\u0107 si\u0119 pysznymi wegetaria\u0144skimi przek\u0105skami.<\/p>\n\n\n\n<p>Przyby\u0142ym go\u015bciom umili czas chilloutowa muzyka grana przez JaredFlk jak r\u00f3wnie\u017c pi\u0119kne widoki i spok\u00f3j.<\/p>\n\n\n\n<p>Istnieje mo\u017cliwo\u015b\u0107 zakupienia\nwina, kt\u00f3re posmakuje. Ze wzgl\u0119du na s\u0142aby zasi\u0119g Internetu p\u0142atno\u015b\u0107 tylko\ngot\u00f3wk\u0105.<\/p>\n\n\n\n<p>Wskaz\u00f3wki dojazdu:<\/p>\n\n\n\n<p>Winnica znajduje si\u0119 w\nZ\u0142otym Potoku. Jad\u0105c od strony Cz\u0119stochowy, w Z\u0142otym potoku trzeba skr\u0119ci\u0107 w\nlewo w stron\u0119 Niegowy. Ca\u0142y czas prosto, na rondzie r\u00f3wnie\u017c prosto. Ko\u0144czy si\u0119\nasfalt i kawa\u0142ek dalej po lewej stronie znajduje si\u0119 Winnica na Jurze.<\/p>\n\n\n\n<p>Link do mapki dojazdu: <a href=\"https:\/\/www.google.pl\/maps\/place\/Winnica+na+Jurze\/@50.7067139,19.4430756,15.5z\/data=!4m12!1m6!3m5!1s0x4710cb1774814fdb:0x72eb7713df33f260!2sWinnica+na+Jurze!8m2!3d50.7065065!4d19.4441552!3m4!1s0x4710cb1774814fdb:0x72eb7713df33f260!8m2!3d50.7065065!4d19.4441552\" class=\"rank-math-link\" target=\"_blank\" rel=\"noopener\">Winnica na Jurze<\/a><\/p>\n\n\n\n<p>Na imprez\u0119 zapraszaj\u0105 organizatorzy:<\/p>\n\n\n\n<ul class=\"wp-block-list\"><li><strong><a href=\"https:\/\/www.facebook.com\/winnicanajurze\/\" target=\"_blank\" rel=\"noopener\">Winnica na Jurze<\/a><\/strong>;<\/li><li><strong><a href=\"https:\/\/www.facebook.com\/pralniaczestochowa\/\" target=\"_blank\" rel=\"noopener\">Pralnia Samoobs\u0142ugowa Speed Queen Cz\u0119stochowa<\/a><\/strong>;<\/li><li><strong><a href=\"https:\/\/www.facebook.com\/FestiwalSmaku\/\" target=\"_blank\" rel=\"noopener\">Festiwal Smaku Cz\u0119stochowa<\/a>.<\/strong><\/li><\/ul>\n\n\n\n<p>[post_gallery]<\/p>\n\n\n\n<p>(\u0179r\u00f3d\u0142o: Event)<\/p>\n","protected":false},"excerpt":{"rendered":"<p>\u201eWinnica na Jurze\u201d znajduj\u0105ca si\u0119 w Z\u0142otym Potoku zaprasza osoby pe\u0142noletnie na dni otwarte, kt\u00f3ra odb\u0119dzie si\u0119 w dniach 22 i 23 sierpnia br.<\/p>\n","protected":false},"author":12,"featured_media":18563,"comment_status":"open","ping_status":"open","sticky":false,"template":"","format":"standard","meta":{"_monsterinsights_skip_tracking":false,"_monsterinsights_sitenote_active":false,"_monsterinsights_sitenote_note":"","_monsterinsights_sitenote_category":0,"_uf_show_specific_survey":0,"_uf_disable_surveys":false,"footnotes":""},"categories":[12,3,16,94,13],"tags":[],"class_list":["post-18555","post","type-post","status-publish","format-standard","has-post-thumbnail","hentry","category-kultura-i-rozrywka","category-czestochowa-informacje","category-gastronomia","category-polecane","category-wydarzenia"],"_links":{"self":[{"href":"https:\/\/gazetaregionalna.com\/index.php?rest_route=\/wp\/v2\/posts\/18555","targetHints":{"allow":["GET"]}}],"collection":[{"href":"https:\/\/gazetaregionalna.com\/index.php?rest_route=\/wp\/v2\/posts"}],"about":[{"href":"https:\/\/gazetaregionalna.com\/index.php?rest_route=\/wp\/v2\/types\/post"}],"author":[{"embeddable":true,"href":"https:\/\/gazetaregionalna.com\/index.php?rest_route=\/wp\/v2\/users\/12"}],"replies":[{"embeddable":true,"href":"https:\/\/gazetaregionalna.com\/index.php?rest_route=%2Fwp%2Fv2%2Fcomments&post=18555"}],"version-history":[{"count":3,"href":"https:\/\/gazetaregionalna.com\/index.php?rest_route=\/wp\/v2\/posts\/18555\/revisions"}],"predecessor-version":[{"id":18566,"href":"https:\/\/gazetaregionalna.com\/index.php?rest_route=\/wp\/v2\/posts\/18555\/revisions\/18566"}],"wp:featuredmedia":[{"embeddable":true,"href":"https:\/\/gazetaregionalna.com\/index.php?rest_route=\/wp\/v2\/media\/18563"}],"wp:attachment":[{"href":"https:\/\/gazetaregionalna.com\/index.php?rest_route=%2Fwp%2Fv2%2Fmedia&parent=18555"}],"wp:term":[{"taxonomy":"category","embeddable":true,"href":"https:\/\/gazetaregionalna.com\/index.php?rest_route=%2Fwp%2Fv2%2Fcategories&post=18555"},{"taxonomy":"post_tag","embeddable":true,"href":"https:\/\/gazetaregionalna.com\/index.php?rest_route=%2Fwp%2Fv2%2Ftags&post=18555"}],"curies":[{"name":"wp","href":"https:\/\/api.w.org\/{rel}","templated":true}]}}