{"id":1853,"date":"2019-01-30T14:10:55","date_gmt":"2019-01-30T14:10:55","guid":{"rendered":"http:\/\/gazetaregionalna.com\/?p=1853"},"modified":"2019-01-30T14:10:55","modified_gmt":"2019-01-30T14:10:55","slug":"prezentacja-wlokniarza-juz-22-lutego","status":"publish","type":"post","link":"https:\/\/gazetaregionalna.com\/2019\/01\/30\/prezentacja-wlokniarza-juz-22-lutego\/","title":{"rendered":"Prezentacja W\u0142\u00f3kniarza ju\u017c 22 lutego"},"content":{"rendered":"<p>&nbsp;<\/p>\n<p><span style=\"font-family: Times New Roman, serif;\">Oficjalnie sezon \u017cu\u017clowy 2019 rozpocznie si\u0119 <\/span><span style=\"font-family: Times New Roman, serif;\">5. kwietnia. Tego dnia na SGP Arenie dru\u017cyna <\/span><span style=\"font-family: Times New Roman, serif;\">bia\u0142o-zielonych zmierzy si\u0119 z dru\u017cyn\u0105 Stali Gorz\u00f3w<\/span><span style=\"font-family: Times New Roman, serif;\"> w ramach pierwszej kolejki PGE Ekstraligi. <\/span><\/p>\n<p><span style=\"font-family: Times New Roman, serif;\">Pe\u0142ny sk\u0142ad zawodnik\u00f3w, kt\u00f3rzy b\u0119d\u0105 startowa\u0107 w sezonie poznamy ju\u017c 22 lutego (pi\u0105tek) w Hali Sportowej Cz\u0119stochowa przy \u017bu\u017clowej, wtedy w\u0142a\u015bnie odb\u0119dzie si\u0119 prezentacja zawodnik\u00f3w forBet W\u0142\u00f3kniarz Cz\u0119stochowa. <\/span><\/p>\n<p><span style=\"font-family: Times New Roman, serif;\">Pocz\u0105tek <\/span><span style=\"font-family: Times New Roman, serif;\">wydarzenia <\/span><span style=\"font-family: Times New Roman, serif;\">zaplanowano na <\/span><span style=\"font-family: Times New Roman, serif;\">godzin\u0119 17:45<\/span><span style=\"font-family: Times New Roman, serif;\">. <\/span><span style=\"font-family: Times New Roman, serif;\">O 18.00<\/span><span style=\"font-family: Times New Roman, serif;\"> na scenie pojawi si\u0119 natomiast <\/span><span style=\"font-family: Times New Roman, serif;\">Zenon Martyniuk<\/span> <span style=\"font-family: Times New Roman, serif;\">wraz z zespo\u0142em <\/span><span style=\"font-family: Times New Roman, serif;\">Akcent<\/span><span style=\"font-family: Times New Roman, serif;\">. <\/span><span style=\"font-family: Times New Roman, serif;\">Gwiazda Disco Polo specjalnie dla cz\u0119stochowskich Kibic\u00f3w za\u015bpiewa swoje najwi\u0119ksze przeboje. ,<\/span><\/p>\n<p><span style=\"font-family: Times New Roman, serif;\">Wst\u0119p na widowisko b\u0119dzie mo\u017cliwy po zakupieniu bilet\u00f3w wst\u0119pu w cenie <\/span><span style=\"font-family: Times New Roman, serif;\">15 <\/span><span style=\"font-family: Times New Roman, serif;\">z\u0142<\/span><span style=\"font-family: Times New Roman, serif;\"> (trybuna g\u00f3rna) <\/span><span style=\"font-family: Times New Roman, serif;\">lub <\/span><span style=\"font-family: Times New Roman, serif;\">30 z\u0142 (trybuna dolna)<\/span><span style=\"font-family: Times New Roman, serif;\">. Imprez\u0119 poprowadz<\/span><span style=\"font-family: Times New Roman, serif;\">\u0105<\/span> <span style=\"font-family: Times New Roman, serif;\">Tomasz Lorek <\/span><span style=\"font-family: Times New Roman, serif;\">i <\/span><span style=\"font-family: Times New Roman, serif;\">Ire<\/span><span style=\"font-family: Times New Roman, serif;\">k <\/span><span style=\"font-family: Times New Roman, serif;\">Bieleninik<\/span><span style=\"font-family: Times New Roman, serif;\">. <\/span><\/p>\n<p><span style=\"font-family: Times New Roman, serif;\">(p.s-b.)<\/span><\/p>\n","protected":false},"excerpt":{"rendered":"<p>&nbsp; Oficjalnie sezon \u017cu\u017clowy 2019 rozpocznie si\u0119 5. kwietnia. Tego dnia na SGP Arenie dru\u017cyna bia\u0142o-zielonych zmierzy si\u0119 z dru\u017cyn\u0105 Stali Gorz\u00f3w w ramach<\/p>\n","protected":false},"author":3,"featured_media":0,"comment_status":"open","ping_status":"closed","sticky":false,"template":"","format":"standard","meta":{"_monsterinsights_skip_tracking":false,"_monsterinsights_sitenote_active":false,"_monsterinsights_sitenote_note":"","_monsterinsights_sitenote_category":0,"_uf_show_specific_survey":0,"_uf_disable_surveys":false,"footnotes":""},"categories":[3,5,2,7],"tags":[],"class_list":["post-1853","post","type-post","status-publish","format-standard","hentry","category-czestochowa-informacje","category-sport","category-wiadomosci","category-zuzel"],"_links":{"self":[{"href":"https:\/\/gazetaregionalna.com\/wp-json\/wp\/v2\/posts\/1853","targetHints":{"allow":["GET"]}}],"collection":[{"href":"https:\/\/gazetaregionalna.com\/wp-json\/wp\/v2\/posts"}],"about":[{"href":"https:\/\/gazetaregionalna.com\/wp-json\/wp\/v2\/types\/post"}],"author":[{"embeddable":true,"href":"https:\/\/gazetaregionalna.com\/wp-json\/wp\/v2\/users\/3"}],"replies":[{"embeddable":true,"href":"https:\/\/gazetaregionalna.com\/wp-json\/wp\/v2\/comments?post=1853"}],"version-history":[{"count":1,"href":"https:\/\/gazetaregionalna.com\/wp-json\/wp\/v2\/posts\/1853\/revisions"}],"predecessor-version":[{"id":1854,"href":"https:\/\/gazetaregionalna.com\/wp-json\/wp\/v2\/posts\/1853\/revisions\/1854"}],"wp:attachment":[{"href":"https:\/\/gazetaregionalna.com\/wp-json\/wp\/v2\/media?parent=1853"}],"wp:term":[{"taxonomy":"category","embeddable":true,"href":"https:\/\/gazetaregionalna.com\/wp-json\/wp\/v2\/categories?post=1853"},{"taxonomy":"post_tag","embeddable":true,"href":"https:\/\/gazetaregionalna.com\/wp-json\/wp\/v2\/tags?post=1853"}],"curies":[{"name":"wp","href":"https:\/\/api.w.org\/{rel}","templated":true}]}}