{"id":18510,"date":"2020-08-11T10:02:34","date_gmt":"2020-08-11T10:02:34","guid":{"rendered":"https:\/\/gazetaregionalna.com\/?p=18510"},"modified":"2020-08-11T15:07:10","modified_gmt":"2020-08-11T15:07:10","slug":"powiat-lubliniecki","status":"publish","type":"post","link":"https:\/\/gazetaregionalna.com\/?p=18510","title":{"rendered":"Powiat Lubliniecki nie zgadza si\u0119 na przy\u0142\u0105czenie do Wojew\u00f3dztwa Cz\u0119stochowskiego."},"content":{"rendered":"\n<h2 class=\"wp-block-heading\"><strong>\u201eNic o Nas bez Nas\u201d<\/strong> czyli Powiat Lubliniecki zdecydowanie nie zgadza si\u0119 na przy\u0142\u0105czenie do Wojew\u00f3dztwa Cz\u0119stochowskiego.<\/h2>\n\n\n\n<p>Powracaj\u0105cy temat ch\u0119ci utworzenia Wojew\u00f3dztwa Cz\u0119stochowskiego\nbardzo niepokoi w\u0142adze powiatu lublinieckiego, kt\u00f3re nie zgadzaj\u0105 si\u0119 na przy\u0142\u0105czenie\nswojego powiatu do nowego wojew\u00f3dztwa.<\/p>\n\n\n\n<p>Dyskusja\nrozgorza\u0142a po tym, jak coraz g\u0142o\u015bniej zacz\u0119to m\u00f3wi\u0107 o podziale administracyjnym\nwojew\u00f3dztwa mazowieckiego. Zwolennikami takiego pomys\u0142u s\u0105 miedzy innymi:\nwiceminister rolnictwa&nbsp;<strong>Szymon Gi\u017cy\u0144ski<\/strong>&nbsp;i\nprezydent Cz\u0119stochowy&nbsp;<strong>Krzysztof Matyjaszczyk<\/strong>.<\/p>\n\n\n\n<p>Ze\nwzgl\u0119du na obecn\u0105 ilo\u015b\u0107 mieszka\u0144c\u00f3w (220 tys.), Cz\u0119stochowa jest 13. pod wzgl\u0119dem\nwielko\u015bci miastem w kraju i&nbsp; najwi\u0119kszym miastem pozbawionym statusu\nwojew\u00f3dzkiego. Powiat lubliniecki i &#8211; reprezentuj\u0105cy mieszka\u0144c\u00f3w &#8211; radni\nwchodz\u0105cy w sk\u0142ad Rady Powiatu wyrazili zdecydowany sprzeciw dla takiego\nrozwi\u0105zania.<\/p>\n\n\n\n<p>W takim tonie wypowiedzia\u0142 si\u0119 r\u00f3wnie\u017c na antenie <a href=\"https:\/\/katowice.tvp.pl\/49281681\/wojewodzkie-aspiracje\" class=\"rank-math-link\" target=\"_blank\" rel=\"noopener\">TVP<\/a> starosta <strong>Joachim Smy\u0142a<\/strong>. <\/p>\n\n\n\n<p>&#8211;&nbsp;\u201e<em>Jeste\u015bmy przeciwni takim\nrozwi\u0105zaniom ze wzgl\u0119d\u00f3w ekonomicznych, politycznych kulturowych i\nhistorycznych. Nasz pogl\u0105d wyrazili\u015bmy uchwa\u0142\u0105 Rady Powiatu w 2015 r., w\nkt\u00f3rej&nbsp; stanowczo sprzeciwiamy si\u0119 pr\u00f3bom wy\u0142\u0105czenia powiatu\nlublinieckiego ze struktur administracyjnych wojew\u00f3dztwa \u015bl\u0105skiego i w\u0142\u0105czenia\nnas w ewentualnie tworzone wojew\u00f3dztwo cz\u0119stochowskie. Oczywi\u015bcie nie mamy nic\nprzeciwko utworzeniu takiego wojew\u00f3dztwa, ale bez nas.\u201d \u2013&nbsp;<\/em>m\u00f3wi\u0142\nstarosta.<\/p>\n\n\n\n<p>R\u00f3wnie\u017c eksperci \u2013 jak prof.&nbsp;<strong>Jacek Szo\u0142tysek<\/strong>&nbsp;z\nUniwersytetu Ekonomicznego w Katowicach &#8211; sceptycznie podchodz\u0105 do takich\npomys\u0142\u00f3w. Podkre\u015blaj\u0105, i\u017c ma\u0142e wojew\u00f3dztwo to mniejsze szanse na unijne pieni\u0105dze,\na region rolniczy, nie b\u0119dzie w stanie wygenerowa\u0107 du\u017cej ilo\u015bci miejsc pracy.<\/p>\n\n\n\n<p><em>&#8211; \u201eMieszka\u0144cy Ziemi Lublinieckiej ju\u017c raz do\u015bwiadczyli takich si\u0142owych \u201eprzesuni\u0119\u0107\u201d. Potraktowano nas \u2013 \u015al\u0105zak\u00f3w &#8211; jak pionki na szachownicy. W 1975 r. komuni\u015bci si\u0142owo wyrwali powiat lubliniecki ze struktur \u00f3wczesnego wojew\u00f3dztwa katowickiego i przy\u0142\u0105czyli&nbsp; do nowo powsta\u0142ego wojew\u00f3dztwa cz\u0119stochowskiego. To by\u0142o dla mieszka\u0144c\u00f3w naszej ziemi prawdziwym nieszcz\u0119\u015bciem.&nbsp;<\/em>&nbsp;<em>Nasze korzenie zawsze by\u0142y i b\u0119d\u0105 na \u015al\u0105sku, czego najlepszym przyk\u0142adem by\u0142o zdecydowane NIE dla od\u0142\u0105czenia Ziemi Lublinieckiej ze \u015al\u0105ska wyra\u017cone w plebiscycie w czerwcu w 1981 r. Zmiany te \u2013 jak ju\u017c powiedzia\u0142em \u2013 by\u0142y odg\u00f3rnie narzucone, nikt si\u0119 nas nie pyta\u0142 czy chcemy. W takim ustroju, w jakim w\u00f3wczas \u017cyli\u015bmy nie pytano mieszka\u0144c\u00f3w, co by\u0142oby dla nich lepsze, nie pytano si\u0119 o ich to\u017csamo\u015b\u0107, nie szanowano woli lokalnej spo\u0142eczno\u015bci. Dzisiaj \u017cyjemy w pa\u0144stwie demokratycznym, nikt nie mo\u017ce decydowa\u0107 o Nas bez Nas\u201d \u2013&nbsp;<\/em>m\u00f3wi\u0142&nbsp;<strong>Tadeusz Konina<\/strong>, wicestarosta lubliniecki.<\/p>\n\n\n\n<p>(\u0179r\u00f3d\u0142o: Powiat Lubliniecki)<\/p>\n","protected":false},"excerpt":{"rendered":"<p>\u201eNic o Nas bez Nas\u201d czyli Powiat Lubliniecki zdecydowanie nie zgadza si\u0119 na przy\u0142\u0105czenie do Wojew\u00f3dztwa Cz\u0119stochowskiego. Powracaj\u0105cy temat ch\u0119ci utworzenia Wojew\u00f3dztwa Cz\u0119stochowskiego bardzo<\/p>\n","protected":false},"author":12,"featured_media":18516,"comment_status":"open","ping_status":"open","sticky":false,"template":"","format":"standard","meta":{"_monsterinsights_skip_tracking":false,"_monsterinsights_sitenote_active":false,"_monsterinsights_sitenote_note":"","_monsterinsights_sitenote_category":0,"_uf_show_specific_survey":0,"_uf_disable_surveys":false,"footnotes":""},"categories":[94,3,25,2],"tags":[],"class_list":["post-18510","post","type-post","status-publish","format-standard","has-post-thumbnail","hentry","category-polecane","category-czestochowa-informacje","category-lubliniec","category-wiadomosci"],"_links":{"self":[{"href":"https:\/\/gazetaregionalna.com\/index.php?rest_route=\/wp\/v2\/posts\/18510","targetHints":{"allow":["GET"]}}],"collection":[{"href":"https:\/\/gazetaregionalna.com\/index.php?rest_route=\/wp\/v2\/posts"}],"about":[{"href":"https:\/\/gazetaregionalna.com\/index.php?rest_route=\/wp\/v2\/types\/post"}],"author":[{"embeddable":true,"href":"https:\/\/gazetaregionalna.com\/index.php?rest_route=\/wp\/v2\/users\/12"}],"replies":[{"embeddable":true,"href":"https:\/\/gazetaregionalna.com\/index.php?rest_route=%2Fwp%2Fv2%2Fcomments&post=18510"}],"version-history":[{"count":2,"href":"https:\/\/gazetaregionalna.com\/index.php?rest_route=\/wp\/v2\/posts\/18510\/revisions"}],"predecessor-version":[{"id":18535,"href":"https:\/\/gazetaregionalna.com\/index.php?rest_route=\/wp\/v2\/posts\/18510\/revisions\/18535"}],"wp:featuredmedia":[{"embeddable":true,"href":"https:\/\/gazetaregionalna.com\/index.php?rest_route=\/wp\/v2\/media\/18516"}],"wp:attachment":[{"href":"https:\/\/gazetaregionalna.com\/index.php?rest_route=%2Fwp%2Fv2%2Fmedia&parent=18510"}],"wp:term":[{"taxonomy":"category","embeddable":true,"href":"https:\/\/gazetaregionalna.com\/index.php?rest_route=%2Fwp%2Fv2%2Fcategories&post=18510"},{"taxonomy":"post_tag","embeddable":true,"href":"https:\/\/gazetaregionalna.com\/index.php?rest_route=%2Fwp%2Fv2%2Ftags&post=18510"}],"curies":[{"name":"wp","href":"https:\/\/api.w.org\/{rel}","templated":true}]}}