{"id":18507,"date":"2020-08-11T10:02:56","date_gmt":"2020-08-11T10:02:56","guid":{"rendered":"https:\/\/gazetaregionalna.com\/?p=18507"},"modified":"2020-08-11T10:02:58","modified_gmt":"2020-08-11T10:02:58","slug":"zamek-w-olsztynie","status":"publish","type":"post","link":"https:\/\/gazetaregionalna.com\/?p=18507","title":{"rendered":"P\u00f3\u0142 tysi\u0105ca w\u0142a\u015bcicieli zamku w Olsztynie dba o zabytek"},"content":{"rendered":"\n<h2 class=\"wp-block-heading\">P\u00f3\u0142 tysi\u0105ca w\u0142a\u015bcicieli zamku w Olsztynie dba o zabytek.<\/h2>\n\n\n\n<p><br> Wybudowanie amfiteatru, tarasu widokowego na kolejnej wie\u017cy, a tak\u017ce stworzenie sali konferencyjnej oraz sta\u0142ej wystawy pami\u0105tek zwi\u0105zanych z zamkiem w Olsztynie planuj\u0105 jego w\u0142a\u015bciciele, czyli Wsp\u00f3lnota Gruntowa Wsi Olsztyn. Ta licz\u0105ca oko\u0142o p\u00f3\u0142 tysi\u0105ca os\u00f3b grupa stara si\u0119 nie tylko uratowa\u0107 bezcenne ruiny \u015bredniowiecznej warowni, ale tak\u017ce sprawi\u0107, aby zabytek sta\u0142 si\u0119 jak najbardziej dost\u0119pny dla turyst\u00f3w.<\/p>\n\n\n\n<figure class=\"wp-block-image size-large\"><img decoding=\"async\" width=\"1024\" height=\"576\" data-src=\"https:\/\/gazetaregionalna.com\/wp-content\/uploads\/2020\/08\/olsztyn1-1024x576.jpg\" alt=\"\" class=\"wp-image-18512 lazyload\" data-srcset=\"https:\/\/gazetaregionalna.com\/wp-content\/uploads\/2020\/08\/olsztyn1-1024x576.jpg 1024w, https:\/\/gazetaregionalna.com\/wp-content\/uploads\/2020\/08\/olsztyn1-300x169.jpg 300w, https:\/\/gazetaregionalna.com\/wp-content\/uploads\/2020\/08\/olsztyn1-768x432.jpg 768w, https:\/\/gazetaregionalna.com\/wp-content\/uploads\/2020\/08\/olsztyn1-1536x864.jpg 1536w, https:\/\/gazetaregionalna.com\/wp-content\/uploads\/2020\/08\/olsztyn1-696x392.jpg 696w, https:\/\/gazetaregionalna.com\/wp-content\/uploads\/2020\/08\/olsztyn1-1068x601.jpg 1068w, https:\/\/gazetaregionalna.com\/wp-content\/uploads\/2020\/08\/olsztyn1-747x420.jpg 747w, https:\/\/gazetaregionalna.com\/wp-content\/uploads\/2020\/08\/olsztyn1.jpg 1200w\" data-sizes=\"(max-width: 1024px) 100vw, 1024px\" src=\"data:image\/svg+xml;base64,PHN2ZyB3aWR0aD0iMSIgaGVpZ2h0PSIxIiB4bWxucz0iaHR0cDovL3d3dy53My5vcmcvMjAwMC9zdmciPjwvc3ZnPg==\" style=\"--smush-placeholder-width: 1024px; --smush-placeholder-aspect-ratio: 1024\/576;\" \/><\/figure>\n\n\n\n<p>&#8211;<em> Na konserwacj\u0119, ale tak\u017ce bie\u017c\u0105ce utrzymanie zamku potrzebne s\u0105 olbrzymie pieni\u0105dze<\/em> \u2013 opowiada prezes Zarz\u0105du Sp\u00f3\u0142ki do Zagospodarowania Wsp\u00f3lnoty Gruntowej wsi Olsztyn W\u0142odzimierz Nabia\u0142ek. &#8211; <em>G\u00f3ra zamkowa to obszar a\u017c 18 hektar\u00f3w. O to wszystko trzeba dba\u0107, a przecie\u017c my, jako wsp\u00f3lnota musimy zajmowa\u0107 si\u0119 wszystkim, co do nas nale\u017cy i dzia\u0142a\u0107 nie tylko na rzecz zamku.<\/em><\/p>\n\n\n\n<figure class=\"wp-block-image size-large\"><img decoding=\"async\" width=\"1024\" height=\"989\" data-src=\"https:\/\/gazetaregionalna.com\/wp-content\/uploads\/2020\/08\/nabialek-1024x989.jpg\" alt=\"\" class=\"wp-image-18515 lazyload\" data-srcset=\"https:\/\/gazetaregionalna.com\/wp-content\/uploads\/2020\/08\/nabialek-1024x989.jpg 1024w, https:\/\/gazetaregionalna.com\/wp-content\/uploads\/2020\/08\/nabialek-300x290.jpg 300w, https:\/\/gazetaregionalna.com\/wp-content\/uploads\/2020\/08\/nabialek-768x742.jpg 768w, https:\/\/gazetaregionalna.com\/wp-content\/uploads\/2020\/08\/nabialek-1536x1484.jpg 1536w, https:\/\/gazetaregionalna.com\/wp-content\/uploads\/2020\/08\/nabialek-696x672.jpg 696w, https:\/\/gazetaregionalna.com\/wp-content\/uploads\/2020\/08\/nabialek-1068x1032.jpg 1068w, https:\/\/gazetaregionalna.com\/wp-content\/uploads\/2020\/08\/nabialek-435x420.jpg 435w, https:\/\/gazetaregionalna.com\/wp-content\/uploads\/2020\/08\/nabialek.jpg 1200w\" data-sizes=\"(max-width: 1024px) 100vw, 1024px\" src=\"data:image\/svg+xml;base64,PHN2ZyB3aWR0aD0iMSIgaGVpZ2h0PSIxIiB4bWxucz0iaHR0cDovL3d3dy53My5vcmcvMjAwMC9zdmciPjwvc3ZnPg==\" style=\"--smush-placeholder-width: 1024px; --smush-placeholder-aspect-ratio: 1024\/989;\" \/><\/figure>\n\n\n\n<p>Jak opowiada W\u0142odzimierz Nabia\u0142ek, olszty\u0144ska Wsp\u00f3lnota powsta\u0142a w po\u0142owie lat sze\u015b\u0107dziesi\u0105tych ubieg\u0142ego wieku. W jej w\u0142adanie przekazano w\u00f3wczas nie tylko g\u00f3r\u0119 z ruinami zamku, ale tak\u017ce inne, niepodzielne grunty, g\u0142\u00f3wnie nieu\u017cytki, z kt\u00f3rymi cz\u0119sto w\u00f3wczas nie wiedziano, co zrobi\u0107. Wsp\u00f3lnot\u0119 za\u0142o\u017cy\u0142o w\u00f3wczas 370 os\u00f3b, mieszka\u0144c\u00f3w Olsztyna, kt\u00f3rzy posiadali na w\u0142asno\u015b\u0107 co najmniej p\u00f3\u0142 hektara ziemi. Taki wym\u00f3g pozosta\u0142 do dzisiaj, aby nale\u017ce\u0107 do tego zrzeszenia.<\/p>\n\n\n\n<figure class=\"wp-block-image size-large\"><img decoding=\"async\" width=\"1024\" height=\"576\" data-src=\"https:\/\/gazetaregionalna.com\/wp-content\/uploads\/2020\/08\/olsztyn4-1024x576.jpg\" alt=\"\" class=\"wp-image-18513 lazyload\" data-srcset=\"https:\/\/gazetaregionalna.com\/wp-content\/uploads\/2020\/08\/olsztyn4-1024x576.jpg 1024w, https:\/\/gazetaregionalna.com\/wp-content\/uploads\/2020\/08\/olsztyn4-300x169.jpg 300w, https:\/\/gazetaregionalna.com\/wp-content\/uploads\/2020\/08\/olsztyn4-768x432.jpg 768w, https:\/\/gazetaregionalna.com\/wp-content\/uploads\/2020\/08\/olsztyn4-1536x864.jpg 1536w, https:\/\/gazetaregionalna.com\/wp-content\/uploads\/2020\/08\/olsztyn4-696x392.jpg 696w, https:\/\/gazetaregionalna.com\/wp-content\/uploads\/2020\/08\/olsztyn4-1068x601.jpg 1068w, https:\/\/gazetaregionalna.com\/wp-content\/uploads\/2020\/08\/olsztyn4-747x420.jpg 747w, https:\/\/gazetaregionalna.com\/wp-content\/uploads\/2020\/08\/olsztyn4.jpg 1200w\" data-sizes=\"(max-width: 1024px) 100vw, 1024px\" src=\"data:image\/svg+xml;base64,PHN2ZyB3aWR0aD0iMSIgaGVpZ2h0PSIxIiB4bWxucz0iaHR0cDovL3d3dy53My5vcmcvMjAwMC9zdmciPjwvc3ZnPg==\" style=\"--smush-placeholder-width: 1024px; --smush-placeholder-aspect-ratio: 1024\/576;\" \/><\/figure>\n\n\n\n<p>&#8211; <em>W latach kolejnych, w sumie a\u017c do zmiany ustroju w kraju niewiele si\u0119 dzia\u0142o <\/em>\u2013 opowiada prezes Nabia\u0142ek. &#8211;<em> Nie byli\u015bmy osob\u0105 prawn\u0105, w praktyce wi\u0119c nie mogli\u015bmy w \u017caden spos\u00f3b dysponowa\u0107 nasz\u0105 wsp\u00f3ln\u0105 w\u0142asno\u015bci\u0105. Du\u017co zmieni\u0142o si\u0119 w latach dziewi\u0119\u0107dziesi\u0105tych, a szczeg\u00f3lnie w roku 1996. Nowe w\u0142adze Wsp\u00f3lnoty zacz\u0119\u0142y gospodarowa\u0107 na gruntach, tak\u017ce na zamku.<\/em><\/p>\n\n\n\n<p>Powo\u0142ano do \u017cycia Sp\u00f3\u0142k\u0119 do Zagospodarowania Wsp\u00f3lnoty Gruntowej wsi Olsztyn i olsztynianie mogli ju\u017c podejmowa\u0107 decyzj\u0119 dotycz\u0105ce na przyk\u0142ad sprzeda\u017cy czy dzier\u017cawy ich wsp\u00f3lnych grunt\u00f3w. Przy pomocy uzyskanych \u015brodk\u00f3w zacz\u0119li zmienia\u0107 otoczenie jurajskiej warowni. Postawili bram\u0119 prowadz\u0105c\u0105 na zamkowe wzg\u00f3rze, a przede wszystkim przyst\u0105pili do prac zabezpieczaj\u0105cych ruiny. W kolejnych latach cz\u0119\u015bciowo ogrodzono zamkow\u0105 g\u00f3r\u0119, zbudowano \u015bcie\u017ck\u0119 spacerow\u0105 i alejki wok\u00f3\u0142 zamku, zamontowano schody, zamontowano \u0142awki i kosze na \u015bmieci.<\/p>\n\n\n\n<figure class=\"wp-block-image size-large\"><img decoding=\"async\" width=\"1024\" height=\"576\" data-src=\"https:\/\/gazetaregionalna.com\/wp-content\/uploads\/2020\/08\/olsztyn3-1024x576.jpg\" alt=\"\" class=\"wp-image-18514 lazyload\" data-srcset=\"https:\/\/gazetaregionalna.com\/wp-content\/uploads\/2020\/08\/olsztyn3-1024x576.jpg 1024w, https:\/\/gazetaregionalna.com\/wp-content\/uploads\/2020\/08\/olsztyn3-300x169.jpg 300w, https:\/\/gazetaregionalna.com\/wp-content\/uploads\/2020\/08\/olsztyn3-768x432.jpg 768w, https:\/\/gazetaregionalna.com\/wp-content\/uploads\/2020\/08\/olsztyn3-1536x864.jpg 1536w, https:\/\/gazetaregionalna.com\/wp-content\/uploads\/2020\/08\/olsztyn3-696x392.jpg 696w, https:\/\/gazetaregionalna.com\/wp-content\/uploads\/2020\/08\/olsztyn3-1068x601.jpg 1068w, https:\/\/gazetaregionalna.com\/wp-content\/uploads\/2020\/08\/olsztyn3-747x420.jpg 747w, https:\/\/gazetaregionalna.com\/wp-content\/uploads\/2020\/08\/olsztyn3.jpg 1200w\" data-sizes=\"(max-width: 1024px) 100vw, 1024px\" src=\"data:image\/svg+xml;base64,PHN2ZyB3aWR0aD0iMSIgaGVpZ2h0PSIxIiB4bWxucz0iaHR0cDovL3d3dy53My5vcmcvMjAwMC9zdmciPjwvc3ZnPg==\" style=\"--smush-placeholder-width: 1024px; --smush-placeholder-aspect-ratio: 1024\/576;\" \/><\/figure>\n\n\n\n<p>&#8211;<em>Jak podliczyli\u015bmy ostatnio, od 2002 roku z naszych funduszy na zamek, a g\u0142\u00f3wnie na zabezpieczenie jego mur\u00f3w, wydali\u015bmy oko\u0142o dw\u00f3ch i p\u00f3\u0142 miliona z\u0142otych<\/em> \u2013 m\u00f3wi prezes olszty\u0144skiej sp\u00f3\u0142ki. &#8211; <em>Potrzeby w tym zakresie s\u0105 ogromne, wi\u0119c powo\u0142ali\u015bmy do \u017cycia fundacj\u0119, aby stara\u0107 si\u0119 o dotacje unijne.<\/em><\/p>\n\n\n\n<p>Obecnie Wsp\u00f3lnota realizuje du\u017cy, roz\u0142o\u017cony na pi\u0119\u0107 lat projekt unijny pod tytu\u0142em: \u201eZwi\u0119kszenie atrakcyjno\u015bci Zamku Olsztyn poprzez wykonanie niezb\u0119dnych prac konserwatorskich i restauratorskich\u201d.Jego celem jest podniesienie atrakcyjno\u015bci zamku oraz przeznaczenie obiektu na cele kulturalne.W ramach programu dotowanego przez Uni\u0119 Europejsk\u0105 prowadzone s\u0105 na zamku m.in. prace konserwatorskie, w tym budowlane oraz wykonywane niezb\u0119dne badania naukowo\u2013 ratownicze obejmuj\u0105ce Baszt\u0119 Studzienn\u0105 oraz pomieszczenia w obr\u0119bie jaskini Zamkowej Dolnej. Prace prowadzone w ramach projektu obejmuj\u0105 ponadto tzw. Zamek G\u00f3rny. Polegaj\u0105 one na zabezpieczeniu obiektu i urz\u0105dzeniu ci\u0105gu pieszego, dostosowanego do potrzeb os\u00f3b niepe\u0142nosprawnych.<\/p>\n\n\n\n<p>&#8211; <em>To du\u017ce, wielomilionowe przedsi\u0119wzi\u0119cie<\/em> \u2013 informuje W\u0142odzimierz Nabia\u0142ek. &#8211; <em>Sama dotacje wynosi ponad siedem milion\u00f3w z\u0142otych.<\/em><\/p>\n\n\n\n<p>Na tym jednak ambicje olszty\u0144skich w\u0142a\u015bcicieli zamku si\u0119 nie ko\u0144cz\u0105. Chcieliby oni pozyska\u0107 fundusze na kolejne prace, kt\u00f3re uatrakcyjni\u0105 odwiedzany rocznie przez ponad 250 tysi\u0119cy turyst\u00f3w zamek. Wsp\u00f3lnota rozwa\u017ca mo\u017cliwo\u015b\u0107 skorzystania z tzw. funduszy norweskich. S\u0105 ju\u017c nawet plany, na co wyda\u0107 ewentualne dotacje.<br> <\/p>\n\n\n\n<p>&#8211; <em>Wykorzystuj\u0105c naturalne ukszta\u0142towanie terenu,chcieliby\u015bmy zbudowa\u0107 pod zamkiem amfiteatr, w kt\u00f3rym mo\u017cna by na przyk\u0142ad organizowa\u0107 koncerty, czy letnie pokazy filmowe <\/em>\u2013 m\u00f3wi prezes W\u0142odzimierz Nabia\u0142ek. &#8211; <em>Jako ekran mo\u017ce pos\u0142u\u017cy\u0107 naturalna, bia\u0142a \u015bciana zamku. Marzy nam si\u0119 tak\u017ce stworzenie na zamku sali konferencyjnej, a tak\u017ce sta\u0142ej wystawy eksponat\u00f3w archeologicznych, kt\u00f3re zosta\u0142y tam odnalezione przy okazji prac konserwatorskich. Nie chcemy narusza\u0107 konstrukcji zabytku ani ingerowa\u0107 w pozosta\u0142o\u015bci zamku. Chcieliby\u015bmy stworzy\u0107 te pomieszczenia w oparciu to, co zosta\u0142o z dawnej warowni <\/em>\u2013 zaznacza prezes. <\/p>\n","protected":false},"excerpt":{"rendered":"<p>P\u00f3\u0142 tysi\u0105ca w\u0142a\u015bcicieli zamku w Olsztynie dba o zabytek. Wybudowanie amfiteatru, tarasu widokowego na kolejnej wie\u017cy, a tak\u017ce stworzenie sali konferencyjnej oraz sta\u0142ej wystawy<\/p>\n","protected":false},"author":7,"featured_media":18517,"comment_status":"open","ping_status":"open","sticky":false,"template":"","format":"standard","meta":{"_monsterinsights_skip_tracking":false,"_monsterinsights_sitenote_active":false,"_monsterinsights_sitenote_note":"","_monsterinsights_sitenote_category":0,"_uf_show_specific_survey":0,"_uf_disable_surveys":false,"footnotes":""},"categories":[94,4,2,30],"tags":[],"class_list":["post-18507","post","type-post","status-publish","format-standard","has-post-thumbnail","hentry","category-polecane","category-region","category-wiadomosci","category-wypoczynek"],"_links":{"self":[{"href":"https:\/\/gazetaregionalna.com\/index.php?rest_route=\/wp\/v2\/posts\/18507","targetHints":{"allow":["GET"]}}],"collection":[{"href":"https:\/\/gazetaregionalna.com\/index.php?rest_route=\/wp\/v2\/posts"}],"about":[{"href":"https:\/\/gazetaregionalna.com\/index.php?rest_route=\/wp\/v2\/types\/post"}],"author":[{"embeddable":true,"href":"https:\/\/gazetaregionalna.com\/index.php?rest_route=\/wp\/v2\/users\/7"}],"replies":[{"embeddable":true,"href":"https:\/\/gazetaregionalna.com\/index.php?rest_route=%2Fwp%2Fv2%2Fcomments&post=18507"}],"version-history":[{"count":3,"href":"https:\/\/gazetaregionalna.com\/index.php?rest_route=\/wp\/v2\/posts\/18507\/revisions"}],"predecessor-version":[{"id":18518,"href":"https:\/\/gazetaregionalna.com\/index.php?rest_route=\/wp\/v2\/posts\/18507\/revisions\/18518"}],"wp:featuredmedia":[{"embeddable":true,"href":"https:\/\/gazetaregionalna.com\/index.php?rest_route=\/wp\/v2\/media\/18517"}],"wp:attachment":[{"href":"https:\/\/gazetaregionalna.com\/index.php?rest_route=%2Fwp%2Fv2%2Fmedia&parent=18507"}],"wp:term":[{"taxonomy":"category","embeddable":true,"href":"https:\/\/gazetaregionalna.com\/index.php?rest_route=%2Fwp%2Fv2%2Fcategories&post=18507"},{"taxonomy":"post_tag","embeddable":true,"href":"https:\/\/gazetaregionalna.com\/index.php?rest_route=%2Fwp%2Fv2%2Ftags&post=18507"}],"curies":[{"name":"wp","href":"https:\/\/api.w.org\/{rel}","templated":true}]}}