{"id":1850,"date":"2019-01-31T10:10:58","date_gmt":"2019-01-31T10:10:58","guid":{"rendered":"http:\/\/gazetaregionalna.com\/?p=1850"},"modified":"2019-01-30T13:35:24","modified_gmt":"2019-01-30T13:35:24","slug":"zmiany-w-prawie-jazdy-jakie-sa-plany-na-2019-rok","status":"publish","type":"post","link":"https:\/\/gazetaregionalna.com\/?p=1850","title":{"rendered":"Zmiany w prawie jazdy? Jakie s\u0105 plany na 2019 rok?"},"content":{"rendered":"<p>&nbsp;<\/p>\n<p><span style=\"font-family: Times New Roman, serif;\">Koniec z wymogiem posiadania karty pojazdu, \u0142atwiejsza rejestracja, zmiany w egzaminach na prawo jazdy i sprawdzanie licznik\u00f3w w trakcie badania technicznego \u2013 to sprawy, kt\u00f3rymi w tym roku zajmuje si\u0119 Ministerstwo Infrastruktury. Plany s\u0105 takie, by nowe przepisy wesz\u0142y w \u017cycie jeszcze w tym roku. <\/span><\/p>\n<p><span style=\"font-family: Times New Roman, serif;\">Minister infrastruktury Andrzej Adamczyk przedstawi\u0142 plany kierowanego przez niego resortu. Wi\u0119kszo\u015b\u0107 z nic ma by\u0107 zrealizowana jeszcze w tym roku, co powinno ucieszy\u0107 kierowc\u00f3w, bo wi\u0119kszo\u015b\u0107 zmian jest dla nich korzystna. Co planuje ministerstwo?<\/span><\/p>\n<p><span style=\"font-family: Times New Roman, serif;\">Po pierwsze w ramach pakietu deregulacyjnego, kt\u00f3ry dotyczy te\u017c prawa o ruchu drogowym, zostan\u0105 wprowadzone kolejne u\u0142atwienia dla kierowc\u00f3w i przedsi\u0119biorc\u00f3w. Jednym z nich jest zniesienie obowi\u0105zku wydawania karty pojazdu, kolejnym \u2013 mo\u017cliwo\u015b\u0107 zachowania dotychczasowego numeru rejestracyjnego pojazdu, o ile nowy w\u0142a\u015bciciel wyrazi tak\u0105 wol\u0119. Uproszczone zostan\u0105 te\u017c formalno\u015bci zwi\u0105zane z czasow\u0105 rejestracj\u0105 pojazdu.<\/span><\/p>\n<p><span style=\"font-family: Times New Roman, serif;\">Przypomnijmy, \u017ce najpewniej w ju\u017c w po\u0142owie tego roku na naszych drogach pojawi\u0105 si\u0119 auta z zielonymi tablicami \u2013 to rozwi\u0105zanie przeznaczone dla przedsi\u0119biorc\u00f3w, m.in. dealer\u00f3w i komis\u00f3w. Dzi\u0119ki profesjonalnym tablicom rejestracyjnym, b\u0119dzie mo\u017cliwe odbywanie jazd pr\u00f3bnych samochodami, kt\u00f3re nie maj\u0105 jeszcze w\u0142asnych tablic.<\/span><\/p>\n<p><span style=\"font-family: Times New Roman, serif;\"><b>Zmiany w egzaminach na prawo jazdy<\/b><\/span><\/p>\n<p><span style=\"font-family: Times New Roman, serif;\">Kolejna wa\u017cna kwestia to zmiana systemu przeprowadzania egzaminu pa\u0144stwowego na prawo jazdy. Resort infrastruktury informuje, \u017ce trwaj\u0105 jeszcze konsultacje spo\u0142eczne w tej sprawie, ale odpowiednie zmiany przepis\u00f3w ustawy o kieruj\u0105cych pojazdami s\u0105 ju\u017c gotowe. Ministerstwo chce, by odpowiedzialno\u015b\u0107 za organizacj\u0119 i przeprowadzenie egzamin\u00f3w zosta\u0142a przeniesiona z marsza\u0142ka na wojewod\u0119. Inne rozwi\u0105zania to: jazda z osob\u0105 towarzysz\u0105c\u0105 w ramach kursu na prawo jazdy, wprowadzenie obowi\u0105zkowego wychowania komunikacyjnego w pi\u0105tej klasie szko\u0142y podstawowej oraz zmiany w wymaganiach, kt\u00f3re musz\u0105 spe\u0142ni\u0107 o\u015brodki szkolenia kierowc\u00f3w oraz o\u015brodki doskonalenia techniki jazdy. Zdaniem ministra Adamczyka, proponowane regulacje maj\u0105 zwi\u0119kszy\u0107 bezpiecze\u0144stwo na drogach, ale i \u2013 co wa\u017cne dla m\u0142odych kierowc\u00f3w \u2013 poprawi\u0107 zdawalno\u015b\u0107 egzamin\u00f3w na prawo jazdy. Jak podkre\u015bla minister, prace nad tymi zmianami maj\u0105 charakter priorytetowy.<\/span><\/p>\n<p><span style=\"font-family: Times New Roman, serif;\">R\u00f3wnie wa\u017cna dla resortu infrastruktury jest walka z nieuczciwymi sprzedawcami cofaj\u0105cymi liczniki w u\u017cywanych samochodach. Jednym z pomys\u0142\u00f3w jest kontrolowanie stanu licznika przez diagnost\u0119 na stacji kontroli pojazd\u00f3w. W tym celu zostan\u0105 zmienione przepisy ustaw prawo o ruchu drogowym oraz kodeksu karnego. Przy tych dzia\u0142aniach, jak informuje Ministerstwo Infrastruktury, potrzebna jest jednak wsp\u00f3\u0142praca z Ministerstwem Sprawiedliwo\u015bci. Niestety, chwilowo ustawa maj\u0105ca kara\u0107 za tzw. przekr\u0119canie licznik\u00f3w utkn\u0119\u0142a w Sejmie i nic nie wskazuje na to, by prace legislacyjne mia\u0142y ruszy\u0107<\/span><\/p>\n<p><span style=\"font-family: Times New Roman, serif;\">(auto-\u015bwiat.pl)<\/span><\/p>\n","protected":false},"excerpt":{"rendered":"<p>&nbsp; Koniec z wymogiem posiadania karty pojazdu, \u0142atwiejsza rejestracja, zmiany w egzaminach na prawo jazdy i sprawdzanie licznik\u00f3w w trakcie badania technicznego \u2013 to<\/p>\n","protected":false},"author":3,"featured_media":0,"comment_status":"open","ping_status":"closed","sticky":false,"template":"","format":"standard","meta":{"_monsterinsights_skip_tracking":false,"_monsterinsights_sitenote_active":false,"_monsterinsights_sitenote_note":"","_monsterinsights_sitenote_category":0,"_uf_show_specific_survey":0,"_uf_disable_surveys":false,"footnotes":""},"categories":[18,4,2],"tags":[],"class_list":["post-1850","post","type-post","status-publish","format-standard","hentry","category-motoryzacja","category-region","category-wiadomosci"],"_links":{"self":[{"href":"https:\/\/gazetaregionalna.com\/index.php?rest_route=\/wp\/v2\/posts\/1850","targetHints":{"allow":["GET"]}}],"collection":[{"href":"https:\/\/gazetaregionalna.com\/index.php?rest_route=\/wp\/v2\/posts"}],"about":[{"href":"https:\/\/gazetaregionalna.com\/index.php?rest_route=\/wp\/v2\/types\/post"}],"author":[{"embeddable":true,"href":"https:\/\/gazetaregionalna.com\/index.php?rest_route=\/wp\/v2\/users\/3"}],"replies":[{"embeddable":true,"href":"https:\/\/gazetaregionalna.com\/index.php?rest_route=%2Fwp%2Fv2%2Fcomments&post=1850"}],"version-history":[{"count":1,"href":"https:\/\/gazetaregionalna.com\/index.php?rest_route=\/wp\/v2\/posts\/1850\/revisions"}],"predecessor-version":[{"id":1852,"href":"https:\/\/gazetaregionalna.com\/index.php?rest_route=\/wp\/v2\/posts\/1850\/revisions\/1852"}],"wp:attachment":[{"href":"https:\/\/gazetaregionalna.com\/index.php?rest_route=%2Fwp%2Fv2%2Fmedia&parent=1850"}],"wp:term":[{"taxonomy":"category","embeddable":true,"href":"https:\/\/gazetaregionalna.com\/index.php?rest_route=%2Fwp%2Fv2%2Fcategories&post=1850"},{"taxonomy":"post_tag","embeddable":true,"href":"https:\/\/gazetaregionalna.com\/index.php?rest_route=%2Fwp%2Fv2%2Ftags&post=1850"}],"curies":[{"name":"wp","href":"https:\/\/api.w.org\/{rel}","templated":true}]}}