{"id":185,"date":"2018-08-24T12:59:59","date_gmt":"2018-08-24T12:59:59","guid":{"rendered":"http:\/\/gazetaregionalna.com\/?p=185"},"modified":"2018-08-24T12:59:59","modified_gmt":"2018-08-24T12:59:59","slug":"myszkowscy-patnicy-w-drodze-na-jasna-gore","status":"publish","type":"post","link":"https:\/\/gazetaregionalna.com\/?p=185","title":{"rendered":"Myszkowscy p\u0105tnicy w drodze na Jasn\u0105 G\u00f3r\u0119"},"content":{"rendered":"<p>&nbsp;<\/p>\n<p><img decoding=\"async\" class=\"size-medium wp-image-188 alignleft lazyload\" data-src=\"http:\/\/gazetaregionalna.com\/wp-content\/uploads\/2018\/08\/800px-Pielgrzymi_rostkowo-300x137.jpg\" alt=\"\" width=\"300\" height=\"137\" src=\"data:image\/svg+xml;base64,PHN2ZyB3aWR0aD0iMSIgaGVpZ2h0PSIxIiB4bWxucz0iaHR0cDovL3d3dy53My5vcmcvMjAwMC9zdmciPjwvc3ZnPg==\" style=\"--smush-placeholder-width: 300px; --smush-placeholder-aspect-ratio: 300\/137;\"><\/p>\n<p>&nbsp;<\/p>\n<p>Dzi\u015b pielgrzymi z Myszkowa wyruszyli na Jasn\u0105 G\u00f3r\u0119. Myszkowscy p\u0105tnicy dotr\u0105 na miejsce jutro wieczorem, gdzie b\u0119d\u0105 uczestniczy\u0107 w procesji z archikatedry \u015bw. Rodziny na Jasn\u0105 G\u00f3r\u0119. W niedziel\u0119, na jasnog\u00f3rskich b\u0142oniach b\u0119d\u0105 uczestniczy\u0107 we mszy Matki Boskiej Cz\u0119stochowskiej.<\/p>\n","protected":false},"excerpt":{"rendered":"<p>&nbsp; &nbsp; Dzi\u015b pielgrzymi z Myszkowa wyruszyli na Jasn\u0105 G\u00f3r\u0119. Myszkowscy p\u0105tnicy dotr\u0105 na miejsce jutro wieczorem, gdzie b\u0119d\u0105 uczestniczy\u0107 w procesji z archikatedry<\/p>\n","protected":false},"author":3,"featured_media":0,"comment_status":"open","ping_status":"closed","sticky":false,"template":"","format":"standard","meta":{"_monsterinsights_skip_tracking":false,"_monsterinsights_sitenote_active":false,"_monsterinsights_sitenote_note":"","_monsterinsights_sitenote_category":0,"_uf_show_specific_survey":0,"_uf_disable_surveys":false,"footnotes":""},"categories":[3,4,2],"tags":[],"class_list":["post-185","post","type-post","status-publish","format-standard","hentry","category-czestochowa-informacje","category-region","category-wiadomosci"],"_links":{"self":[{"href":"https:\/\/gazetaregionalna.com\/index.php?rest_route=\/wp\/v2\/posts\/185","targetHints":{"allow":["GET"]}}],"collection":[{"href":"https:\/\/gazetaregionalna.com\/index.php?rest_route=\/wp\/v2\/posts"}],"about":[{"href":"https:\/\/gazetaregionalna.com\/index.php?rest_route=\/wp\/v2\/types\/post"}],"author":[{"embeddable":true,"href":"https:\/\/gazetaregionalna.com\/index.php?rest_route=\/wp\/v2\/users\/3"}],"replies":[{"embeddable":true,"href":"https:\/\/gazetaregionalna.com\/index.php?rest_route=%2Fwp%2Fv2%2Fcomments&post=185"}],"version-history":[{"count":3,"href":"https:\/\/gazetaregionalna.com\/index.php?rest_route=\/wp\/v2\/posts\/185\/revisions"}],"predecessor-version":[{"id":192,"href":"https:\/\/gazetaregionalna.com\/index.php?rest_route=\/wp\/v2\/posts\/185\/revisions\/192"}],"wp:attachment":[{"href":"https:\/\/gazetaregionalna.com\/index.php?rest_route=%2Fwp%2Fv2%2Fmedia&parent=185"}],"wp:term":[{"taxonomy":"category","embeddable":true,"href":"https:\/\/gazetaregionalna.com\/index.php?rest_route=%2Fwp%2Fv2%2Fcategories&post=185"},{"taxonomy":"post_tag","embeddable":true,"href":"https:\/\/gazetaregionalna.com\/index.php?rest_route=%2Fwp%2Fv2%2Ftags&post=185"}],"curies":[{"name":"wp","href":"https:\/\/api.w.org\/{rel}","templated":true}]}}