{"id":18494,"date":"2020-08-11T07:23:11","date_gmt":"2020-08-11T07:23:11","guid":{"rendered":"https:\/\/gazetaregionalna.com\/?p=18494"},"modified":"2020-08-11T14:16:18","modified_gmt":"2020-08-11T14:16:18","slug":"dzisiaj-maturzysci-poznaja-wyniki-egzaminu-dojrzalosci-a-jutro-absolwenci-szkol-podstawowych-wyniki-rekrutacji","status":"publish","type":"post","link":"https:\/\/gazetaregionalna.com\/?p=18494","title":{"rendered":"Dzisiaj maturzy\u015bci poznaj\u0105 wyniki egzaminu dojrza\u0142o\u015bci, a jutro absolwenci szk\u00f3\u0142 podstawowych wyniki rekrutacji"},"content":{"rendered":"\n<h2 class=\"wp-block-heading\"><br> <br> Dzisiaj maturzy\u015bci poznaj\u0105 wyniki egzaminu dojrza\u0142o\u015bci, a jutro absolwenci szk\u00f3\u0142 podstawowych wyniki rekrutacji.<\/h2>\n\n\n\n<p><br> W tym roku wiele tygodni p\u00f3\u017aniej ni\u017c zwykle absolwenci szk\u00f3\u0142 podstawowych i \u015brednich b\u0119d\u0105 wiedzie\u0107, jak posz\u0142y im egzaminy.<br> Rezultaty egzamin\u00f3w dojrza\u0142o\u015bci b\u0119dzie mo\u017cna obejrze\u0107 w przypadku naszego regionu na stronie Okr\u0119gowej Komisji Egzaminacyjnej w Jaworznie \u2013  <a rel=\"noreferrer noopener\" href=\"https:\/\/serwis.oke.jaworzno.pl\/M20\/\" target=\"_blank\">https:\/\/serwis.oke.jaworzno.pl\/M20\/<\/a> <\/p>\n\n\n\n<p><br> Absolwenci, kt\u00f3rzy zdali egzamin \u2013 otrzymaj\u0105 \u015bwiadectwo dojrza\u0142o\u015bci (wraz z odpisem), ci, co podwy\u017cszyli wynik egzaminu na poziomie rozszerzonym lub dwuj\u0119zycznym, lub przyst\u0105pili do egzaminu, do kt\u00f3rego nie przyst\u0119powali w ubieg\u0142ych latach \u2013 otrzymaj\u0105 aneks do \u015bwiadectwa dojrza\u0142o\u015bci, a osoby, kt\u00f3rym nie uda\u0142o si\u0119 zda\u0107 matury \u2013 otrzymaj\u0105 informacj\u0119 o wynikach egzaminu dojrza\u0142o\u015bci.<\/p>\n\n\n\n<p><br> Do dzisiaj trwa weryfikacja wniosk\u00f3w o przyj\u0119cie do szko\u0142y ponadpodstawowej. Jutro, 12 sierpnia zainteresowani b\u0119d\u0105 mogli zapozna\u0107 si\u0119 z wynikami rekrutacji \u2013 w szko\u0142ach zostan\u0105 opublikowane listy kandydat\u00f3w zakwalifikowanych i niezakwalifikowanych.<\/p>\n\n\n\n<p><br> Do miejskich szk\u00f3\u0142 ponadpodstawowych w Cz\u0119stochowie kandyduje w tym roku blisko 3 tysi\u0105ce uczni\u00f3w, z czego ponad 1564 wybra\u0142o licea, 1156 \u2013 technika, a 256 &#8211; szko\u0142y bran\u017cowe. W szko\u0142ach bran\u017cowych najcz\u0119stszymi specjalno\u015bciami zawodowymi wybieranymi przez m\u0142odzie\u017c s\u0105 mechanik samochodowy oraz fryzjerka\/fryzjer.<br> Og\u00f3\u0142em w Cz\u0119stochowie dost\u0119pnych miejsc jest wi\u0119cej \u2013 ponad 3,7 tys.&nbsp;,&nbsp;z czego prawie 1,5 tysi\u0105ca w liceach, ponad 1,6 tys. w technikach oraz 600 w szko\u0142ach bran\u017cowych.<\/p>\n\n\n\n<p><br>Je\u017celi chodzi o cz\u0119stochowskie licea  najwi\u0119cej, bo 289 poda\u0144 trafi\u0142o do VII LO im. Miko\u0142aja Kopernika. W\u015br\u00f3d technik\u00f3w najwi\u0119ksz\u0105 popularno\u015bci\u0105 ciesz\u0105 si\u0119 Techniczne Zak\u0142ady Naukowa (348 poda\u0144), kt\u00f3re kszta\u0142c\u0105 m.in. w kierunkach technik elektronik, mechanik, informatyk czy technik budownictwa.<\/p>\n\n\n\n<figure class=\"wp-block-image size-large\"><img decoding=\"async\" width=\"960\" height=\"603\" data-src=\"https:\/\/gazetaregionalna.com\/wp-content\/uploads\/2020\/08\/116290407_763395541089056_6015513415386346376_o.jpg\" alt=\"\" class=\"wp-image-18495 lazyload\" data-srcset=\"https:\/\/gazetaregionalna.com\/wp-content\/uploads\/2020\/08\/116290407_763395541089056_6015513415386346376_o.jpg 960w, https:\/\/gazetaregionalna.com\/wp-content\/uploads\/2020\/08\/116290407_763395541089056_6015513415386346376_o-300x188.jpg 300w, https:\/\/gazetaregionalna.com\/wp-content\/uploads\/2020\/08\/116290407_763395541089056_6015513415386346376_o-768x482.jpg 768w, https:\/\/gazetaregionalna.com\/wp-content\/uploads\/2020\/08\/116290407_763395541089056_6015513415386346376_o-696x437.jpg 696w, https:\/\/gazetaregionalna.com\/wp-content\/uploads\/2020\/08\/116290407_763395541089056_6015513415386346376_o-669x420.jpg 669w\" data-sizes=\"(max-width: 960px) 100vw, 960px\" src=\"data:image\/svg+xml;base64,PHN2ZyB3aWR0aD0iMSIgaGVpZ2h0PSIxIiB4bWxucz0iaHR0cDovL3d3dy53My5vcmcvMjAwMC9zdmciPjwvc3ZnPg==\" style=\"--smush-placeholder-width: 960px; --smush-placeholder-aspect-ratio: 960\/603;\" \/><\/figure>\n\n\n\n<p><br> Cz\u0119stochowski \u201eKopernik\u201d od kilku lat jest najch\u0119tniej wybieran\u0105 przez uczni\u00f3w szko\u0142\u0105 tzw. pierwszej preferencji kandydat\u00f3w do lice\u00f3w og\u00f3lnokszta\u0142c\u0105cych.<\/p>\n\n\n\n<figure class=\"wp-block-image size-large\"><img decoding=\"async\" width=\"600\" height=\"352\" data-src=\"https:\/\/gazetaregionalna.com\/wp-content\/uploads\/2020\/08\/kopernik.jpg\" alt=\"\" class=\"wp-image-18497 lazyload\" data-srcset=\"https:\/\/gazetaregionalna.com\/wp-content\/uploads\/2020\/08\/kopernik.jpg 600w, https:\/\/gazetaregionalna.com\/wp-content\/uploads\/2020\/08\/kopernik-300x176.jpg 300w\" data-sizes=\"(max-width: 600px) 100vw, 600px\" src=\"data:image\/svg+xml;base64,PHN2ZyB3aWR0aD0iMSIgaGVpZ2h0PSIxIiB4bWxucz0iaHR0cDovL3d3dy53My5vcmcvMjAwMC9zdmciPjwvc3ZnPg==\" style=\"--smush-placeholder-width: 600px; --smush-placeholder-aspect-ratio: 600\/352;\" \/><\/figure>\n\n\n\n<p><br> &#8211; <em>Jeste\u015bmy z tego powodu bardzo zadowoleni i cieszymy si\u0119 z tak du\u017cego zaufania uczni\u00f3w \u2013<\/em> powiedzia\u0142 nam wicedyrektor liceum Marcin Terka. &#8211; <em>My\u015bl\u0119, \u017ce na to, i\u017c w\u0142a\u015bnie nasz\u0105 szko\u0142\u0119 m\u0142odzie\u017c wybiera tak ch\u0119tnie, wp\u0142yw ma kilka czynnik\u00f3w. Oczywi\u015bcie jest to wysoki poziom nauczania, dobre wyniki naszych uczni\u00f3w na maturach. Tak zwan\u0105 zdawalno\u015b\u0107\u00a0matur mamy na poziomie 98-99 procent. S\u0105dz\u0105 jednak, \u017ce uczniowie ceni\u0105 sobie r\u00f3wnie\u017c atmosfer\u0119, jaka u nas panuje. W naszej szkole oczywi\u015bcie k\u0142adziemy du\u017cy nacisk na nauk\u0119 i poziom nauczania, ale pami\u0119tamy r\u00f3wnie\u017c, \u017ce nie sam\u0105 nauk\u0105 m\u0142ody cz\u0142owiek \u017cyje, \u017ce szko\u0142a \u015brednia, to powinien by\u0107 r\u00f3wnie\u017c czas na zbieranie wspania\u0142ych wspomnie\u0144.<\/em><br> (IBS)<br> <\/p>\n","protected":false},"excerpt":{"rendered":"<p>Dzisiaj maturzy\u015bci poznaj\u0105 wyniki egzaminu dojrza\u0142o\u015bci, a jutro absolwenci szk\u00f3\u0142 podstawowych wyniki rekrutacji. W tym roku wiele tygodni p\u00f3\u017aniej ni\u017c zwykle absolwenci szk\u00f3\u0142 podstawowych<\/p>\n","protected":false},"author":7,"featured_media":18499,"comment_status":"open","ping_status":"open","sticky":false,"template":"","format":"standard","meta":{"_monsterinsights_skip_tracking":false,"_monsterinsights_sitenote_active":false,"_monsterinsights_sitenote_note":"","_monsterinsights_sitenote_category":0,"_uf_show_specific_survey":0,"_uf_disable_surveys":false,"footnotes":""},"categories":[41,3,94,2],"tags":[],"class_list":["post-18494","post","type-post","status-publish","format-standard","has-post-thumbnail","hentry","category-edukacja","category-czestochowa-informacje","category-polecane","category-wiadomosci"],"_links":{"self":[{"href":"https:\/\/gazetaregionalna.com\/index.php?rest_route=\/wp\/v2\/posts\/18494","targetHints":{"allow":["GET"]}}],"collection":[{"href":"https:\/\/gazetaregionalna.com\/index.php?rest_route=\/wp\/v2\/posts"}],"about":[{"href":"https:\/\/gazetaregionalna.com\/index.php?rest_route=\/wp\/v2\/types\/post"}],"author":[{"embeddable":true,"href":"https:\/\/gazetaregionalna.com\/index.php?rest_route=\/wp\/v2\/users\/7"}],"replies":[{"embeddable":true,"href":"https:\/\/gazetaregionalna.com\/index.php?rest_route=%2Fwp%2Fv2%2Fcomments&post=18494"}],"version-history":[{"count":6,"href":"https:\/\/gazetaregionalna.com\/index.php?rest_route=\/wp\/v2\/posts\/18494\/revisions"}],"predecessor-version":[{"id":18534,"href":"https:\/\/gazetaregionalna.com\/index.php?rest_route=\/wp\/v2\/posts\/18494\/revisions\/18534"}],"wp:featuredmedia":[{"embeddable":true,"href":"https:\/\/gazetaregionalna.com\/index.php?rest_route=\/wp\/v2\/media\/18499"}],"wp:attachment":[{"href":"https:\/\/gazetaregionalna.com\/index.php?rest_route=%2Fwp%2Fv2%2Fmedia&parent=18494"}],"wp:term":[{"taxonomy":"category","embeddable":true,"href":"https:\/\/gazetaregionalna.com\/index.php?rest_route=%2Fwp%2Fv2%2Fcategories&post=18494"},{"taxonomy":"post_tag","embeddable":true,"href":"https:\/\/gazetaregionalna.com\/index.php?rest_route=%2Fwp%2Fv2%2Ftags&post=18494"}],"curies":[{"name":"wp","href":"https:\/\/api.w.org\/{rel}","templated":true}]}}