{"id":18490,"date":"2020-08-11T07:08:52","date_gmt":"2020-08-11T07:08:52","guid":{"rendered":"https:\/\/gazetaregionalna.com\/?p=18490"},"modified":"2020-08-11T07:08:55","modified_gmt":"2020-08-11T07:08:55","slug":"konkurs","status":"publish","type":"post","link":"https:\/\/gazetaregionalna.com\/?p=18490","title":{"rendered":"KONKURS: Wygraj bilety na rodzinny piknik w Radomsku, gdzie za\u015bpiewa Viki Gabor !"},"content":{"rendered":"\n<h2 class=\"wp-block-heading\">29 sierpnia 2020 roku w Radomsku odb\u0119dzie si\u0119 &#8222;Rodzinny Piknik&#8221; na zako\u0144czenie wakacji. Gwiazd\u0105 imprezy b\u0119dzie <strong>Viki Gabor<\/strong>, zwyci\u0119\u017cczyni dzieci\u0119cej Eurowizji 2019. <\/h2>\n\n\n\n<p>13-letnia wokalistka na swoim koncie ma ju\u017c podw\u00f3jn\u0105 platynow\u0105 p\u0142yt\u0119 za singiel \u201eSuperhero\u201d czy platynowe wyr\u00f3\u017cnienie za singiel \u201eRami\u0119 w rami\u0119\u201d nagrany z Kayah. W\u0142a\u015bnie sko\u0144czy\u0142a prac\u0119 nad swoj\u0105 debiutanck\u0105 p\u0142yt\u0105. Na kr\u0105\u017cku znajduj\u0105 si\u0119 najwi\u0119ksze hity Viki, w tym \u201eSuperhero\u201d, \u201eRami\u0119 w rami\u0119\u201d oraz \u201eGetaway\u201d. Premiera p\u0142yty 4 wrze\u015bnia br.\u00a0 <\/p>\n\n\n\n<figure class=\"wp-block-image size-large\"><img decoding=\"async\" width=\"1024\" height=\"780\" data-src=\"https:\/\/gazetaregionalna.com\/wp-content\/uploads\/2020\/07\/viki1.jpg\" alt=\"\" class=\"wp-image-17073 lazyload\" data-srcset=\"https:\/\/gazetaregionalna.com\/wp-content\/uploads\/2020\/07\/viki1.jpg 1024w, https:\/\/gazetaregionalna.com\/wp-content\/uploads\/2020\/07\/viki1-300x229.jpg 300w, https:\/\/gazetaregionalna.com\/wp-content\/uploads\/2020\/07\/viki1-768x585.jpg 768w, https:\/\/gazetaregionalna.com\/wp-content\/uploads\/2020\/07\/viki1-80x60.jpg 80w, https:\/\/gazetaregionalna.com\/wp-content\/uploads\/2020\/07\/viki1-696x530.jpg 696w, https:\/\/gazetaregionalna.com\/wp-content\/uploads\/2020\/07\/viki1-551x420.jpg 551w\" data-sizes=\"(max-width: 1024px) 100vw, 1024px\" src=\"data:image\/svg+xml;base64,PHN2ZyB3aWR0aD0iMSIgaGVpZ2h0PSIxIiB4bWxucz0iaHR0cDovL3d3dy53My5vcmcvMjAwMC9zdmciPjwvc3ZnPg==\" style=\"--smush-placeholder-width: 1024px; --smush-placeholder-aspect-ratio: 1024\/780;\" \/><figcaption>(Fot: Pudelek)<\/figcaption><\/figure>\n\n\n\n<p>Ju\u017c dzisiaj dla Czytelnik\u00f3w Gazety Regionalnej mamy <strong>10 pojedynczych bezp\u0142atnych <\/strong>wej\u015bci\u00f3wek na koncert Viki Gabor. <\/p>\n\n\n\n<p>Co zrobi\u0107 by je otrzyma\u0107? Wystarczy przes\u0142a\u0107 <strong>do 12 sierpnia 2020 r.<\/strong> na adres <strong>redakcja@gazetaregionalna.com<\/strong> e-maila wpisuj\u0105c w temacie: <strong>\u201eViki Gabor \u2013 koncert\u201d<\/strong>. <\/p>\n\n\n\n<p>W tre\u015bci maila prosimy o podanie swoich danych (imi\u0119 i\nnazwisko).<\/p>\n\n\n\n<p>Pierwszych 10 os\u00f3b, kt\u00f3re prze\u015bl\u0105 maila otrzyma bezp\u0142atn\u0105\npojedyncz\u0105 wej\u015bci\u00f3wk\u0119 na koncert. Laureaci konkursu o zdobyciu biletu i\nsposobie jego odbioru zostan\u0105 poinformowani e-mailem zwrotnym.<\/p>\n\n\n\n<p>Wi\u0119cej informacji o radomszcza\u0144skiej imprezie w artykule <a href=\"https:\/\/gazetaregionalna.com\/viki-gabor\/\" class=\"rank-math-link\">\u201eRodzinny piknik na zako\u0144czenie wakacji z Viki Gabor\u201d<\/a>. <\/p>\n","protected":false},"excerpt":{"rendered":"<p>29 sierpnia 2020 roku w Radomsku odb\u0119dzie si\u0119 &#8222;Rodzinny Piknik&#8221; na zako\u0144czenie wakacji. Gwiazd\u0105 imprezy b\u0119dzie Viki Gabor, zwyci\u0119\u017cczyni dzieci\u0119cej Eurowizji 2019. 13-letnia wokalistka<\/p>\n","protected":false},"author":12,"featured_media":18050,"comment_status":"open","ping_status":"open","sticky":false,"template":"","format":"standard","meta":{"_monsterinsights_skip_tracking":false,"_monsterinsights_sitenote_active":false,"_monsterinsights_sitenote_note":"","_monsterinsights_sitenote_category":0,"_uf_show_specific_survey":0,"_uf_disable_surveys":false,"footnotes":""},"categories":[94,3,27,2],"tags":[],"class_list":["post-18490","post","type-post","status-publish","format-standard","has-post-thumbnail","hentry","category-polecane","category-czestochowa-informacje","category-klobuck-informacje","category-wiadomosci"],"_links":{"self":[{"href":"https:\/\/gazetaregionalna.com\/index.php?rest_route=\/wp\/v2\/posts\/18490","targetHints":{"allow":["GET"]}}],"collection":[{"href":"https:\/\/gazetaregionalna.com\/index.php?rest_route=\/wp\/v2\/posts"}],"about":[{"href":"https:\/\/gazetaregionalna.com\/index.php?rest_route=\/wp\/v2\/types\/post"}],"author":[{"embeddable":true,"href":"https:\/\/gazetaregionalna.com\/index.php?rest_route=\/wp\/v2\/users\/12"}],"replies":[{"embeddable":true,"href":"https:\/\/gazetaregionalna.com\/index.php?rest_route=%2Fwp%2Fv2%2Fcomments&post=18490"}],"version-history":[{"count":2,"href":"https:\/\/gazetaregionalna.com\/index.php?rest_route=\/wp\/v2\/posts\/18490\/revisions"}],"predecessor-version":[{"id":18492,"href":"https:\/\/gazetaregionalna.com\/index.php?rest_route=\/wp\/v2\/posts\/18490\/revisions\/18492"}],"wp:featuredmedia":[{"embeddable":true,"href":"https:\/\/gazetaregionalna.com\/index.php?rest_route=\/wp\/v2\/media\/18050"}],"wp:attachment":[{"href":"https:\/\/gazetaregionalna.com\/index.php?rest_route=%2Fwp%2Fv2%2Fmedia&parent=18490"}],"wp:term":[{"taxonomy":"category","embeddable":true,"href":"https:\/\/gazetaregionalna.com\/index.php?rest_route=%2Fwp%2Fv2%2Fcategories&post=18490"},{"taxonomy":"post_tag","embeddable":true,"href":"https:\/\/gazetaregionalna.com\/index.php?rest_route=%2Fwp%2Fv2%2Ftags&post=18490"}],"curies":[{"name":"wp","href":"https:\/\/api.w.org\/{rel}","templated":true}]}}