{"id":1837,"date":"2019-01-30T11:34:20","date_gmt":"2019-01-30T11:34:20","guid":{"rendered":"http:\/\/gazetaregionalna.com\/?p=1837"},"modified":"2019-01-30T11:34:20","modified_gmt":"2019-01-30T11:34:20","slug":"zlapany-na-robocie","status":"publish","type":"post","link":"https:\/\/gazetaregionalna.com\/?p=1837","title":{"rendered":"Z\u0142apany \u201ena robocie\u201d"},"content":{"rendered":"<p>&nbsp;<\/p>\n<p><span style=\"font-family: Times New Roman, serif;\">W poniedzia\u0142ek kilka minut po godzinie 14 oficer dy\u017curny Komendy Powiatowej Policji w Lubli\u0144cu otrzyma\u0142 zg\u0142oszenie dotycz\u0105ce osoby pr\u00f3buj\u0105cej w\u0142ama\u0107 si\u0119 do jednego z mieszka\u0144 znajduj\u0105cych si\u0119 w budynku przy ulicy W\u0105skiej w Lubli\u0144cu. Na miejsce niezw\u0142ocznie udali si\u0119 lublinieccy dzielnicowi, kt\u00f3rzy zatrzymali sprawc\u0119. Teraz za sw\u00f3j czyn m\u0119\u017cczyzna odpowie przed s\u0105dem. <\/span><\/p>\n<p><span style=\"font-family: Times New Roman, serif;\">Po przybyciu na miejsce interwencji, mundurowi zastali otwarte mieszkanie na parterze, a w nim m\u0142odego m\u0119\u017cczyzn\u0119, kt\u00f3ry nie by\u0142 w\u0142a\u015bcicielem lokalu ani jego mieszka\u0144cem. Dzielnicowi szybko ustalili przebieg wydarze\u0144 i cel jaki mia\u0142 przebywaj\u0105cy w mieszkaniu 32-latek, mieszkaniec powiatu lublinieckiego. Dzi\u0119ki szybkiej reakcji lublinieckich funkcjonariuszy z mieszkania nic nie zgin\u0119\u0142o, natomiast sprawca zosta\u0142 zatrzymany w policyjnym areszcie. Za pope\u0142niony czyn grozi mu kara do 10 lat pozbawienia wolno\u015bci. <\/span><\/p>\n<p><span style=\"font-family: Times New Roman, serif;\">(KPP Lubliniec)<\/span><\/p>\n","protected":false},"excerpt":{"rendered":"<p>&nbsp; W poniedzia\u0142ek kilka minut po godzinie 14 oficer dy\u017curny Komendy Powiatowej Policji w Lubli\u0144cu otrzyma\u0142 zg\u0142oszenie dotycz\u0105ce osoby pr\u00f3buj\u0105cej w\u0142ama\u0107 si\u0119 do jednego<\/p>\n","protected":false},"author":3,"featured_media":0,"comment_status":"open","ping_status":"closed","sticky":false,"template":"","format":"standard","meta":{"_monsterinsights_skip_tracking":false,"_monsterinsights_sitenote_active":false,"_monsterinsights_sitenote_note":"","_monsterinsights_sitenote_category":0,"_uf_show_specific_survey":0,"_uf_disable_surveys":false,"footnotes":""},"categories":[25,13],"tags":[],"class_list":["post-1837","post","type-post","status-publish","format-standard","hentry","category-lubliniec","category-wydarzenia"],"_links":{"self":[{"href":"https:\/\/gazetaregionalna.com\/index.php?rest_route=\/wp\/v2\/posts\/1837","targetHints":{"allow":["GET"]}}],"collection":[{"href":"https:\/\/gazetaregionalna.com\/index.php?rest_route=\/wp\/v2\/posts"}],"about":[{"href":"https:\/\/gazetaregionalna.com\/index.php?rest_route=\/wp\/v2\/types\/post"}],"author":[{"embeddable":true,"href":"https:\/\/gazetaregionalna.com\/index.php?rest_route=\/wp\/v2\/users\/3"}],"replies":[{"embeddable":true,"href":"https:\/\/gazetaregionalna.com\/index.php?rest_route=%2Fwp%2Fv2%2Fcomments&post=1837"}],"version-history":[{"count":1,"href":"https:\/\/gazetaregionalna.com\/index.php?rest_route=\/wp\/v2\/posts\/1837\/revisions"}],"predecessor-version":[{"id":1838,"href":"https:\/\/gazetaregionalna.com\/index.php?rest_route=\/wp\/v2\/posts\/1837\/revisions\/1838"}],"wp:attachment":[{"href":"https:\/\/gazetaregionalna.com\/index.php?rest_route=%2Fwp%2Fv2%2Fmedia&parent=1837"}],"wp:term":[{"taxonomy":"category","embeddable":true,"href":"https:\/\/gazetaregionalna.com\/index.php?rest_route=%2Fwp%2Fv2%2Fcategories&post=1837"},{"taxonomy":"post_tag","embeddable":true,"href":"https:\/\/gazetaregionalna.com\/index.php?rest_route=%2Fwp%2Fv2%2Ftags&post=1837"}],"curies":[{"name":"wp","href":"https:\/\/api.w.org\/{rel}","templated":true}]}}