{"id":18293,"date":"2020-08-09T19:00:27","date_gmt":"2020-08-09T19:00:27","guid":{"rendered":"https:\/\/gazetaregionalna.com\/?p=18293"},"modified":"2020-08-09T19:00:29","modified_gmt":"2020-08-09T19:00:29","slug":"eltrox-wlokniarz-23","status":"publish","type":"post","link":"https:\/\/gazetaregionalna.com\/?p=18293","title":{"rendered":"Eltrox W\u0142\u00f3kniarz b\u0119dzie si\u0119 \u015bciga\u0107 w poniedzia\u0142ek w Gorzowie ze Stal\u0105, kt\u00f3ra w niedziel\u0119 pokona\u0142a Motor Lublin. Unia Leszno przegra\u0142a we Wroc\u0142awiu ze Spart\u0105!"},"content":{"rendered":"\n<p>Eltrox W\u0142\u00f3kniarz w poniedzia\u0142ek\nb\u0119dzie odrabia\u0107 zaleg\u0142o\u015bci w PGE Ekstralidze. Cz\u0119stochowscy\n\u017cu\u017clowcy jad\u0105 do Gorzowa na powt\u00f3rk\u0119 meczu z Moje Bermudy Stal\u0105.\nTrafili z terminem bardzo \u017ale, bo Stal w niedziel\u0119 pokona\u0142a Motor\nLublin i&#8230; odnios\u0142a pierwsze zwyci\u0119stwo w sezonie. \n<\/p>\n\n\n\n<p>Eltrox W\u0142\u00f3kniarz \u015bciga\u0142 si\u0119 ju\u017c w\ntym sezonie w Gorzowie. Przy czteropunktowym prowadzeniu gospodarzy\nmecz zosta\u0142 jednak przerwany po 9. biegu, bo na obiekcie dosz\u0142o do\nawarii elektryki. Komisja Odwo\u0142awcza Ligi postanowi\u0142a, \u017ce\nspotkanie trzeba powt\u00f3rzy\u0107 od stanu 0:0.<\/p>\n\n\n\n<p>Ostatnie dni nie s\u0105 udane dla\n\u017cu\u017clowc\u00f3w Eltrox W\u0142\u00f3kniarza. Cz\u0119stochowianie przegrali w pi\u0105tek\nu siebie z RM Solar Falubaz Zielona G\u00f3ra. By\u0142a to druga pora\u017cka\n\u201eLw\u00f3w\u201d w Cz\u0119stochowie w tym sezonie. Przypomnijmy, \u017ce\nwcze\u015bniej Eltrox W\u0142\u00f3kniarz przegra\u0142 u siebie z Motorem Lublin,\nkt\u00f3ry dzisiaj uleg\u0142 43:47 w Gorzowie Stali. \n<\/p>\n\n\n\n<p>Tegoroczna PGE Ekstraliga jest tak nieobliczalna, \u017ce trudno przed meczem obstawia\u0107 wyniki. Dlatego poniedzia\u0142kowy mecz w Gorzowie jest wielk\u0105 niewiadom\u0105. Gospodarze licz\u0105, \u017ce w ci\u0105gu dw\u00f3ch dni odnios\u0105 drugie zwyci\u0119stwo i opuszcz\u0105 ostatnie miejsce w tabeli PGE Ekstraligi. Kibice Eltrox W\u0142\u00f3kniarz maj\u0105 nadziej\u0119, \u017ce liderzy zespo\u0142u zaczn\u0105 wreszcie jecha\u0107 na miar\u0119 swoich mo\u017cliwo\u015bci. Mowa tu g\u0142\u00f3wnie o <strong>Jasonie Doylu<\/strong>, kt\u00f3ry w ostatnim przegranym meczu z Falubazem zanotowa\u0142 tylko 2 punkty, a we wcze\u015bniejszych meczach je\u017adzi\u0142 niewiele lepiej.  <\/p>\n\n\n\n<p>Stal w niedziel\u0119 pokona\u0142a Motor Lublin. Gospodarzy do zwyci\u0119stwa poprowadzi\u0142 fenomenalny <strong>Bartosz Zmarzlik<\/strong>, kt\u00f3ry wywalczy komplet 18 punkt\u00f3w. 9 punkt\u00f3w do\u0142o\u017cy\u0142 <strong>Jack Holder<\/strong>, a 8 <strong>Anders Thomsen<\/strong>. 5 punkt\u00f3w wywalczy\u0142 <strong>Niels Kristian Iversen<\/strong>, a po 3 do\u0142o\u017cyli <strong>Krzysztof Kasprzak<\/strong> i <strong>Rafa\u0142 Karczmarz<\/strong>. 1 \u201eoczko\u201d zdoby\u0142 <strong>Wiktor Jasi\u0144ski<\/strong>. W dru\u017cynie Motoru najlepszy by\u0142 <strong>Grigorij \u0141aguta<\/strong>, kt\u00f3ry w sze\u015bciu startach zdoby\u0142 13 punkt\u00f3w.   <\/p>\n\n\n\n<p>To b\u0119dzie trudny tydzie\u0144 dla Eltrox W\u0142\u00f3kniarza. W poniedzia\u0142ek \u201eLwy\u201d b\u0119d\u0105 \u015bciga\u0107 si\u0119 w Gorzowie, a ju\u017c w \u015brod\u0119 do Cz\u0119stochowy na zaleg\u0142y mecz przyjedzie mistrz Polski i lider PGE Ekstraligi Fogo Unia Leszno, kt\u00f3ra w niedziel\u0119 przegra\u0142a we Wroc\u0142awiu z Betardem Spart\u0105 44:46 i dozna\u0142a pierwszej pora\u017cki w sezonie. Mimo pora\u017cki Fogo Unia jest liderem PGE Ekstraligi. <\/p>\n\n\n\n<p>Awizowane sk\u0142ady<\/p>\n\n\n\n<p>Eltrox W\u0142\u00f3kniarz Cz\u0119stochowa<\/p>\n\n\n\n<ol class=\"wp-block-list\"><li>Jason Doyle\n\t<\/li><li>Pawe\u0142 Przedpe\u0142ski\n\t<\/li><li>Fredrik Lindgren\n\t<\/li><li>Rune Holta\n\t<\/li><li>Leon Madsen\n\t<\/li><li>Jakub Mi\u015bkowiak\n\t<\/li><li>Mateusz \u015awidnicki\n<\/li><\/ol>\n\n\n\n<p>Moje Bermudy Stal Gorz\u00f3w \n<\/p>\n\n\n\n<ol class=\"wp-block-list\"><li>Szymon Wo\u017aniak <\/li><li>Bartosz Zmarzlik <\/li><li>Niels Kristian Iversen <\/li><li>Krzysztof Kasprzak  <\/li><li>Anders Thomsen  <\/li><li>Wiktor Jasi\u0144ski  <\/li><li>Rafa\u0142 Karczmarz <\/li><\/ol>\n\n\n\n<p>Foto: Gazeta Regionalna <\/p>\n","protected":false},"excerpt":{"rendered":"<p>Eltrox W\u0142\u00f3kniarz w poniedzia\u0142ek b\u0119dzie odrabia\u0107 zaleg\u0142o\u015bci w PGE Ekstralidze. Cz\u0119stochowscy \u017cu\u017clowcy jad\u0105 do Gorzowa na powt\u00f3rk\u0119 meczu z Moje Bermudy Stal\u0105. Trafili z<\/p>\n","protected":false},"author":15,"featured_media":18184,"comment_status":"open","ping_status":"open","sticky":false,"template":"","format":"standard","meta":{"_monsterinsights_skip_tracking":false,"_monsterinsights_sitenote_active":false,"_monsterinsights_sitenote_note":"","_monsterinsights_sitenote_category":0,"_uf_show_specific_survey":0,"_uf_disable_surveys":false,"footnotes":""},"categories":[5,7],"tags":[313,102],"class_list":["post-18293","post","type-post","status-publish","format-standard","has-post-thumbnail","hentry","category-sport","category-zuzel","tag-eltrox-wlokniarz-czestochowa","tag-zuzel"],"_links":{"self":[{"href":"https:\/\/gazetaregionalna.com\/index.php?rest_route=\/wp\/v2\/posts\/18293","targetHints":{"allow":["GET"]}}],"collection":[{"href":"https:\/\/gazetaregionalna.com\/index.php?rest_route=\/wp\/v2\/posts"}],"about":[{"href":"https:\/\/gazetaregionalna.com\/index.php?rest_route=\/wp\/v2\/types\/post"}],"author":[{"embeddable":true,"href":"https:\/\/gazetaregionalna.com\/index.php?rest_route=\/wp\/v2\/users\/15"}],"replies":[{"embeddable":true,"href":"https:\/\/gazetaregionalna.com\/index.php?rest_route=%2Fwp%2Fv2%2Fcomments&post=18293"}],"version-history":[{"count":1,"href":"https:\/\/gazetaregionalna.com\/index.php?rest_route=\/wp\/v2\/posts\/18293\/revisions"}],"predecessor-version":[{"id":18294,"href":"https:\/\/gazetaregionalna.com\/index.php?rest_route=\/wp\/v2\/posts\/18293\/revisions\/18294"}],"wp:featuredmedia":[{"embeddable":true,"href":"https:\/\/gazetaregionalna.com\/index.php?rest_route=\/wp\/v2\/media\/18184"}],"wp:attachment":[{"href":"https:\/\/gazetaregionalna.com\/index.php?rest_route=%2Fwp%2Fv2%2Fmedia&parent=18293"}],"wp:term":[{"taxonomy":"category","embeddable":true,"href":"https:\/\/gazetaregionalna.com\/index.php?rest_route=%2Fwp%2Fv2%2Fcategories&post=18293"},{"taxonomy":"post_tag","embeddable":true,"href":"https:\/\/gazetaregionalna.com\/index.php?rest_route=%2Fwp%2Fv2%2Ftags&post=18293"}],"curies":[{"name":"wp","href":"https:\/\/api.w.org\/{rel}","templated":true}]}}