{"id":1828,"date":"2019-01-30T10:35:50","date_gmt":"2019-01-30T10:35:50","guid":{"rendered":"http:\/\/gazetaregionalna.com\/?p=1828"},"modified":"2019-01-30T10:35:50","modified_gmt":"2019-01-30T10:35:50","slug":"kolej-na-ferie-bezplatne-przejazdy-dla-dzieci-i-mlodziezy","status":"publish","type":"post","link":"https:\/\/gazetaregionalna.com\/?p=1828","title":{"rendered":"Kolej na ferie! \u2013 bezp\u0142atne przejazdy dla dzieci i m\u0142odzie\u017cy"},"content":{"rendered":"<p>&nbsp;<\/p>\n<p><span style=\"font-family: Times New Roman, serif;\">W czasie tegorocznych ferii w wojew\u00f3dztwie \u015bl\u0105skim dzieci i m\u0142odzie\u017c mog\u0105 podr\u00f3\u017cowa\u0107 poci\u0105gami <\/span><span style=\"font-family: Times New Roman, serif;\">przewo\u017anika Koleje \u015al\u0105skie<\/span><span style=\"font-family: Times New Roman, serif;\"> za darmo. Inicjatorem i pomys\u0142odawc\u0105 akcji jest marsza\u0142ek wojew\u00f3dztwa \u015bl\u0105skiego Jakub Che\u0142stowski.<\/span><\/p>\n<p><span style=\"font-family: Times New Roman, serif;\">Oferta obowi\u0105zuje od 9 do 24 lutego br., czyli w czasie ferii uczni\u00f3w z wojew\u00f3dztwa \u015bl\u0105skiego. Aby w tym czasie za darmo podr\u00f3\u017cowa\u0107 poci\u0105gami Kolei \u015al\u0105skich, wystarczy podczas kontroli zamiast biletu okaza\u0107 wa\u017cn\u0105 legitymacj\u0119 szkoln\u0105 lub \u2013 w przypadku dzieci w wieku przedszkolnym \u2013 dokument potwierdzaj\u0105cy wiek.<\/span><\/p>\n<p><span style=\"font-family: Times New Roman, serif;\">To nie jest oferta tylko dla dzieci i m\u0142odzie\u017cy z wojew\u00f3dztwa \u015bl\u0105skiego, ale dla wszystkich w wieku szkolnym, kt\u00f3rzy odwiedz\u0105 w tym czasie nasz region. To promocja wojew\u00f3dztwa, Kolei \u015al\u0105skich, ale i transportu publicznego. Chcemy od najm\u0142odszych lat pokazywa\u0107 mieszka\u0144com, \u017ce transport niskoemisyjny ma same zalety \u2013 m\u00f3wi\u0142 Jakub Che\u0142stowski, marsza\u0142ek wojew\u00f3dztwa \u015bl\u0105skiego.<\/span><\/p>\n<p><span style=\"font-family: Times New Roman, serif;\">Promocja dotyczy zar\u00f3wno uczni\u00f3w szk\u00f3\u0142 podstawowych, jak i gimnazjalnych, licealnych, technik\u00f3w i szk\u00f3\u0142 bran\u017cowych. Z bezp\u0142atnych przejazd\u00f3w mog\u0105 korzysta\u0107 r\u00f3wnie\u017c najm\u0142odsi \u2013 w tym wypadku wystarczy dokument potwierdzaj\u0105cy wiek. Warto pami\u0119ta\u0107, \u017ce dzieci do czwartego roku \u017cycia podr\u00f3\u017cuj\u0105 Kolejami \u015al\u0105skimi bezp\u0142atnie przez ca\u0142y rok.<\/span><\/p>\n<p>\u2013 <span style=\"font-family: Times New Roman, serif;\">Ciesz\u0119 si\u0119, \u017ce budujemy w wojew\u00f3dztwie \u015bl\u0105skim ciekaw\u0105 ofert\u0119 komunikacji zbiorowej. Mam wra\u017cenie, \u017ce przychodzi czas na \u015al\u0105skie. Takie inicjatywy pokazuj\u0105 potencja\u0142 regionu, jego proekologiczny charakter i doskonale ilustruj\u0105 zmiany, jakie zachodz\u0105 w wojew\u00f3dztwie. To atrakcyjny region i w czasie ferii warto pokazywa\u0107 jego potencja\u0142 tak\u017ce mieszka\u0144com innych cz\u0119\u015bci kraju \u2013 podkre\u015bla\u0142 Grzegorz Tobiszowski, wiceminister energii.<\/span><\/p>\n<p><span style=\"font-family: Times New Roman, serif;\">Promocja obejmie swoim zasi\u0119giem wszystkie linie obs\u0142ugiwane przez Koleje \u015al\u0105skie \u2013 jedynym wyj\u0105tkiem b\u0119dzie odcinek przygraniczny Cha\u0142upki \u2013 Bohumin. Oznacza to, \u017ce uczestnicy akcji b\u0119d\u0105 mogli wybra\u0107 si\u0119 poci\u0105giem nie tylko do Ustronia, Wis\u0142y czy Zwardonia, ale r\u00f3wnie\u017c do Zakopanego. A w okresie ferii specjalnie rozszerzamy termin kursowania zakopia\u0144skich poci\u0105g\u00f3w i do stolicy polskich Tatr b\u0119dziemy kursowa\u0107 w tym czasie codziennie.<\/span><\/p>\n<p>\u2013 <span style=\"font-family: Times New Roman, serif;\">Na podstawie naszych do\u015bwiadcze\u0144 wyniesionych m.in. z akcji Rodzinne Niedziele widzimy, \u017ce m\u0142odsi pasa\u017cerowie z sympati\u0105 i zainteresowaniem podchodz\u0105 do mo\u017cliwo\u015bci podr\u00f3\u017cowania kolej\u0105. St\u0105d te\u017c mamy nadziej\u0119, \u017ce i tym razem propozycja wojew\u00f3dztwa przypadnie im do gustu \u2013 m\u00f3wi Wojciech Dinges, prezes Kolei \u015al\u0105skich.<\/span><\/p>\n<p><span style=\"font-family: Times New Roman, serif;\">Opr\u00f3cz walor\u00f3w promocyjnych i proekologicznych, istotnym elementem oferty s\u0105 te\u017c oszcz\u0119dno\u015bci w bud\u017cetach domowych.<\/span><\/p>\n<p>\u2013 <span style=\"font-family: Times New Roman, serif;\">Traktujemy kolej i Koleje \u015al\u0105skie jako inwestycj\u0119. Dobrze funkcjonuj\u0105ca kolej zwi\u0119ksza mobilno\u015b\u0107 spo\u0142ecze\u0144stwa, dlatego wymaga dobrej promocji. To oferta dla os\u00f3b m\u0142odych, skoro ich rodzice finansuj\u0105 transport publiczny ze swoich podatk\u00f3w, to w ten spos\u00f3b odci\u0105\u017camy ich finansowo, proponuj\u0105c darmowe przejazdy ich dzieciom \u2013 precyzowa\u0142 cz\u0142onek zarz\u0105du wojew\u00f3dztwa Micha\u0142 Wo\u015b.<\/span><\/p>\n<p><span style=\"font-family: Times New Roman, serif;\">(Koleje \u015al\u0105skie\/red.)<\/span><\/p>\n","protected":false},"excerpt":{"rendered":"<p>&nbsp; W czasie tegorocznych ferii w wojew\u00f3dztwie \u015bl\u0105skim dzieci i m\u0142odzie\u017c mog\u0105 podr\u00f3\u017cowa\u0107 poci\u0105gami przewo\u017anika Koleje \u015al\u0105skie za darmo. Inicjatorem i pomys\u0142odawc\u0105 akcji jest<\/p>\n","protected":false},"author":3,"featured_media":0,"comment_status":"open","ping_status":"closed","sticky":false,"template":"","format":"standard","meta":{"_monsterinsights_skip_tracking":false,"_monsterinsights_sitenote_active":false,"_monsterinsights_sitenote_note":"","_monsterinsights_sitenote_category":0,"_uf_show_specific_survey":0,"_uf_disable_surveys":false,"footnotes":""},"categories":[15,29,18,31,4,2],"tags":[],"class_list":["post-1828","post","type-post","status-publish","format-standard","hentry","category-dla-dzieci","category-ekologia","category-motoryzacja","category-podroze","category-region","category-wiadomosci"],"_links":{"self":[{"href":"https:\/\/gazetaregionalna.com\/index.php?rest_route=\/wp\/v2\/posts\/1828","targetHints":{"allow":["GET"]}}],"collection":[{"href":"https:\/\/gazetaregionalna.com\/index.php?rest_route=\/wp\/v2\/posts"}],"about":[{"href":"https:\/\/gazetaregionalna.com\/index.php?rest_route=\/wp\/v2\/types\/post"}],"author":[{"embeddable":true,"href":"https:\/\/gazetaregionalna.com\/index.php?rest_route=\/wp\/v2\/users\/3"}],"replies":[{"embeddable":true,"href":"https:\/\/gazetaregionalna.com\/index.php?rest_route=%2Fwp%2Fv2%2Fcomments&post=1828"}],"version-history":[{"count":1,"href":"https:\/\/gazetaregionalna.com\/index.php?rest_route=\/wp\/v2\/posts\/1828\/revisions"}],"predecessor-version":[{"id":1830,"href":"https:\/\/gazetaregionalna.com\/index.php?rest_route=\/wp\/v2\/posts\/1828\/revisions\/1830"}],"wp:attachment":[{"href":"https:\/\/gazetaregionalna.com\/index.php?rest_route=%2Fwp%2Fv2%2Fmedia&parent=1828"}],"wp:term":[{"taxonomy":"category","embeddable":true,"href":"https:\/\/gazetaregionalna.com\/index.php?rest_route=%2Fwp%2Fv2%2Fcategories&post=1828"},{"taxonomy":"post_tag","embeddable":true,"href":"https:\/\/gazetaregionalna.com\/index.php?rest_route=%2Fwp%2Fv2%2Ftags&post=1828"}],"curies":[{"name":"wp","href":"https:\/\/api.w.org\/{rel}","templated":true}]}}