{"id":1825,"date":"2019-01-30T10:26:28","date_gmt":"2019-01-30T10:26:28","guid":{"rendered":"http:\/\/gazetaregionalna.com\/?p=1825"},"modified":"2019-01-30T10:26:28","modified_gmt":"2019-01-30T10:26:28","slug":"chor-fliharmonii-czestochowskiej-ma-szanse-zdobyc-fryderyka","status":"publish","type":"post","link":"https:\/\/gazetaregionalna.com\/?p=1825","title":{"rendered":"Ch\u00f3r Fliharmonii Cz\u0119stochowskiej ma szans\u0119 zdoby\u0107 \u201eFryderyka\u201d"},"content":{"rendered":"<p>&nbsp;<\/p>\n<p><strong><span style=\"font-family: Times New Roman, serif;\">P\u0142yta ,,Beatus Vir\u201d z udzia\u0142em ch\u00f3ru ,,Collegium Cantorum\u201d dosta\u0142a nominacj\u0119 w 25. edycji nagr\u00f3d Akademii Fonograficznej. Zesp\u00f3\u0142 ma ju\u017c d\u0142ug\u0105 tradycj\u0119 i liczne prawykonania na koncie, a od 2012 dzia\u0142a jako ch\u00f3r Filharmonii Cz\u0119stochowskiej im. Bronis\u0142awa Hubermana.<\/span><\/strong><span style=\"font-family: Times New Roman, serif;\"><\/p>\n<p>Ch\u00f3r Filharmonii Cz\u0119stochowskiej ,,Collegium Cantorum\u201d w swoim dotychczasowym dorobku ma nagrania utwor\u00f3w wielu polskich kompozytor\u00f3w. W\u015br\u00f3d nich znajduje si\u0119 p\u0142yta \u201eBeatus Vir\u201d z utworami autorstwa Paw\u0142a \u0141ukaszewskiego, z kt\u00f3rym ju\u017c wielokrotnie wsp\u00f3\u0142pracowa\u0142 Janusz Siadlak, dyrygent cz\u0119stochowskiego ch\u00f3ru. Nagrania powsta\u0142y w latach 2016-2017. Album zosta\u0142 nominowany w kategorii ,,Album Roku \u2013 Muzyka Ch\u00f3ralna, Oratoryjna i Operowa.\u201d Mo\u017cna go w ca\u0142o\u015bci pos\u0142ucha\u0107 w serwisie Spotify.<\/p>\n<p>Zawodowy ch\u00f3r mieszany dzia\u0142a przy Filharmonii Cz\u0119stochowskiej od 2012 roku. Powsta\u0142 na bazie ch\u00f3ru ,,Collegium Cantorum\u201d, kt\u00f3ry by\u0142 autorskim pomys\u0142em jego za\u0142o\u017cyciela, Janusza Siadlaka. Pocz\u0105tkowo dzia\u0142a\u0142 pod patronatem Wy\u017cszej Szko\u0142y Pedagogicznej w Cz\u0119stochowie (obecnie Uniwersytetu Humanistyczno-Przyrodniczego im. J. D\u0142ugosza), a potem Politechniki Cz\u0119stochowskiej. W latach 2008-2011 ch\u00f3r by\u0142 wsp\u00f3\u0142finansowany przez samorz\u0105d Cz\u0119stochowy.<\/p>\n<p>,,Collegium Cantorum\u201d ma w dorobku prawykonania utwor\u00f3w m.in. A. Koszewskiego, W. \u0141ukaszewskiego, J. \u0141uciuka, R. Maciejewskiego, M. Bembinowa czy E. Bogus\u0142awskiego, a tak\u017ce pierwsze polskie wykonanie \u201eMisa por la Paz y la Justicia\u201d Ariela Ramireza. Janusz Siadlak otrzyma\u0142 partytur\u0119 tego utworu od kompozytora podczas argenty\u0144skiego tourn\u00e9e ch\u00f3ru. ,,Collegium Cantorum\u201d koncertowa\u0142o m.in. w wielu krajach Europy, a poza ni\u0105 w Argentynie, Urugwaju, Chinach i USA. W\u015br\u00f3d licznych muzycznych przedsi\u0119wzi\u0119\u0107 organizowanych przez ch\u00f3r jest m.in. cz\u0119stochowski Festiwal Muzyczny Rodziny Bach\u00f3w. Poza wieloma programami a cappella ,,Collegium Cantorum\u201d realizuje formy wokalno-instrumentalne samodzielnie albo z towarzyszeniem orkiestr, w\u015br\u00f3d kt\u00f3rych jak dot\u0105d znalaz\u0142y si\u0119 m.in. Orkiestra Filharmonii Cz\u0119stochowskiej, Wroc\u0142awska Orkiestra Kameralna \u201eLeopoldinum\u201d, Narodowa Orkiestra Symfoniczna Polskiego Radia, Orkiestra ,,Capella Cracoviensis\u201d, \u201eAccademia dell\u2019a Arcadia\u201d czy Connecticut Virtuosi Chamber Orchestra ze Stan\u00f3w Zjednoczonych.<\/p>\n<p>Ch\u00f3r zosta\u0142 wyr\u00f3\u017cniony Orderem Honorowym ,,Zas\u0142u\u017cony dla kultury polskiej\u201d przez Ministra Kultury i Dziedzictwa Narodowego.<\/p>\n<p>Ju\u017c 8 lutego ,,Collegium Cantorum\u201d wyst\u0105pi w Filharmonii Cz\u0119stochowskiej z pe\u0142nymi energii utworami z RPA, Botswany, Ugandy czy Ghany. W koncercie we\u017amie udzia\u0142 zjawiskowy Ablaye Badji z Senegalu, graj\u0105cy na tradycyjnych instrumentach djembe, sabar i tama. Zesp\u00f3\u0142 jest w\u0142a\u015bnie w trakcie intensywnych pr\u00f3b.<br \/>\nGala rozdania ,,Fryderyk\u00f3w\u201d w obszarze muzyki rozrywkowej i jazzu odb\u0119dzie si\u0119 9 marca w Mi\u0119dzynarodowym Centrum Kongresowym w Katowicach. Z kolei \u015bwi\u0119to polskiej muzyki powa\u017cnej zaplanowano na 12 marca w siedzibie Narodowej Orkiestry Symfonicznej Polskiego Radia.<\/span><\/p>\n<p><span style=\"font-family: Times New Roman, serif;\">(UM Cz\u0119stochowa\/red.)<\/span><\/p>\n<p><span style=\"font-family: Times New Roman, serif;\"><br \/>\n<\/span><\/p>\n","protected":false},"excerpt":{"rendered":"<p>&nbsp; P\u0142yta ,,Beatus Vir\u201d z udzia\u0142em ch\u00f3ru ,,Collegium Cantorum\u201d dosta\u0142a nominacj\u0119 w 25. edycji nagr\u00f3d Akademii Fonograficznej. Zesp\u00f3\u0142 ma ju\u017c d\u0142ug\u0105 tradycj\u0119 i liczne<\/p>\n","protected":false},"author":3,"featured_media":0,"comment_status":"open","ping_status":"closed","sticky":false,"template":"","format":"standard","meta":{"_monsterinsights_skip_tracking":false,"_monsterinsights_sitenote_active":false,"_monsterinsights_sitenote_note":"","_monsterinsights_sitenote_category":0,"_uf_show_specific_survey":0,"_uf_disable_surveys":false,"footnotes":""},"categories":[3,12,2],"tags":[],"class_list":["post-1825","post","type-post","status-publish","format-standard","hentry","category-czestochowa-informacje","category-kultura-i-rozrywka","category-wiadomosci"],"_links":{"self":[{"href":"https:\/\/gazetaregionalna.com\/index.php?rest_route=\/wp\/v2\/posts\/1825","targetHints":{"allow":["GET"]}}],"collection":[{"href":"https:\/\/gazetaregionalna.com\/index.php?rest_route=\/wp\/v2\/posts"}],"about":[{"href":"https:\/\/gazetaregionalna.com\/index.php?rest_route=\/wp\/v2\/types\/post"}],"author":[{"embeddable":true,"href":"https:\/\/gazetaregionalna.com\/index.php?rest_route=\/wp\/v2\/users\/3"}],"replies":[{"embeddable":true,"href":"https:\/\/gazetaregionalna.com\/index.php?rest_route=%2Fwp%2Fv2%2Fcomments&post=1825"}],"version-history":[{"count":1,"href":"https:\/\/gazetaregionalna.com\/index.php?rest_route=\/wp\/v2\/posts\/1825\/revisions"}],"predecessor-version":[{"id":1826,"href":"https:\/\/gazetaregionalna.com\/index.php?rest_route=\/wp\/v2\/posts\/1825\/revisions\/1826"}],"wp:attachment":[{"href":"https:\/\/gazetaregionalna.com\/index.php?rest_route=%2Fwp%2Fv2%2Fmedia&parent=1825"}],"wp:term":[{"taxonomy":"category","embeddable":true,"href":"https:\/\/gazetaregionalna.com\/index.php?rest_route=%2Fwp%2Fv2%2Fcategories&post=1825"},{"taxonomy":"post_tag","embeddable":true,"href":"https:\/\/gazetaregionalna.com\/index.php?rest_route=%2Fwp%2Fv2%2Ftags&post=1825"}],"curies":[{"name":"wp","href":"https:\/\/api.w.org\/{rel}","templated":true}]}}