{"id":1819,"date":"2019-01-30T10:14:37","date_gmt":"2019-01-30T10:14:37","guid":{"rendered":"http:\/\/gazetaregionalna.com\/?p=1819"},"modified":"2019-01-30T10:14:37","modified_gmt":"2019-01-30T10:14:37","slug":"zmarla-malgorzata-setowska","status":"publish","type":"post","link":"https:\/\/gazetaregionalna.com\/?p=1819","title":{"rendered":"Zmar\u0142a Ma\u0142gorzata S\u0119towska"},"content":{"rendered":"<p>&nbsp;<\/p>\n<p><span style=\"font-family: Times New Roman, serif;\">Cz\u0119stochowa \u017cegna plastyczk\u0119, pisark\u0119, pedagoga, animatork\u0119 kultury, dzia\u0142aczk\u0119 spo\u0142eczn\u0105, wielk\u0105 Przyjaci\u00f3\u0142k\u0119 dzieci i m\u0142odzie\u017cy, laureatk\u0119 Nagrody Miasta Cz\u0119stochowy w dziedzinie kultury w 2018 r.<\/span><\/p>\n<p><span style=\"font-family: Times New Roman, serif;\">Ma\u0142gorzata S\u0119towska by\u0142a\u00a0 wsp\u00f3\u0142za\u0142o\u017cycielk\u0105 i wieceprzewodnicz\u0105c\u0105 Stowarzyszenia na Rzecz Dzieci i M\u0142odzie\u017cy &#8222;Szansa&#8221;. Aktywnie uczestniczy\u0142a w \u017cyciu kulturalnym miasta organizuj\u0105c akcje plastyczne, warsztaty i plenery dla dzieci. Cz\u0142onkini Cz\u0119stochowskiego Stowarzyszenia Plastyk\u00f3w im. Jerzego Dudy-Gracza oraz Polskiego Stowarzyszenia Edukacji Plastycznej. Bra\u0142a udzia\u0142 w wielu wystawach indywidualnych i zbiorowych. Wyda\u0142a 4 ksi\u0105\u017cki z bajkami dla dzieci. By\u0142a laureatk\u0105 Nagrody Miasta Cz\u0119stochowy w dziedzinie kultury za rok 2018 przyznanej w kategorii ochrona i promocja kultury &#8211; za ca\u0142okszta\u0142t dzia\u0142alno\u015bci kulturotw\u00f3rczej.<\/span><\/p>\n<p><span style=\"font-family: Times New Roman, serif;\">Pogrzeb Ma\u0142gorzaty S\u0119towskiej odb\u0119dzie si\u0119 w sobot\u0119 (2 lutego). Od godz. 11 planowane jest wystawienie urny, a o godz. 12 msza \u015bw. w ko\u015bciele \u015bw. Jadwigi Kr\u00f3lowej przy ul. gen. Zaj\u0105czka. Po mszy pogrzeb na cmentarzu Kule.<\/span><\/p>\n<p><span style=\"font-family: Times New Roman, serif;\">(red.)<\/span><\/p>\n<p>&nbsp;<\/p>\n","protected":false},"excerpt":{"rendered":"<p>&nbsp; Cz\u0119stochowa \u017cegna plastyczk\u0119, pisark\u0119, pedagoga, animatork\u0119 kultury, dzia\u0142aczk\u0119 spo\u0142eczn\u0105, wielk\u0105 Przyjaci\u00f3\u0142k\u0119 dzieci i m\u0142odzie\u017cy, laureatk\u0119 Nagrody Miasta Cz\u0119stochowy w dziedzinie kultury w 2018<\/p>\n","protected":false},"author":3,"featured_media":0,"comment_status":"open","ping_status":"closed","sticky":false,"template":"","format":"standard","meta":{"_monsterinsights_skip_tracking":false,"_monsterinsights_sitenote_active":false,"_monsterinsights_sitenote_note":"","_monsterinsights_sitenote_category":0,"_uf_show_specific_survey":0,"_uf_disable_surveys":false,"footnotes":""},"categories":[3,2],"tags":[],"class_list":["post-1819","post","type-post","status-publish","format-standard","hentry","category-czestochowa-informacje","category-wiadomosci"],"_links":{"self":[{"href":"https:\/\/gazetaregionalna.com\/index.php?rest_route=\/wp\/v2\/posts\/1819","targetHints":{"allow":["GET"]}}],"collection":[{"href":"https:\/\/gazetaregionalna.com\/index.php?rest_route=\/wp\/v2\/posts"}],"about":[{"href":"https:\/\/gazetaregionalna.com\/index.php?rest_route=\/wp\/v2\/types\/post"}],"author":[{"embeddable":true,"href":"https:\/\/gazetaregionalna.com\/index.php?rest_route=\/wp\/v2\/users\/3"}],"replies":[{"embeddable":true,"href":"https:\/\/gazetaregionalna.com\/index.php?rest_route=%2Fwp%2Fv2%2Fcomments&post=1819"}],"version-history":[{"count":1,"href":"https:\/\/gazetaregionalna.com\/index.php?rest_route=\/wp\/v2\/posts\/1819\/revisions"}],"predecessor-version":[{"id":1822,"href":"https:\/\/gazetaregionalna.com\/index.php?rest_route=\/wp\/v2\/posts\/1819\/revisions\/1822"}],"wp:attachment":[{"href":"https:\/\/gazetaregionalna.com\/index.php?rest_route=%2Fwp%2Fv2%2Fmedia&parent=1819"}],"wp:term":[{"taxonomy":"category","embeddable":true,"href":"https:\/\/gazetaregionalna.com\/index.php?rest_route=%2Fwp%2Fv2%2Fcategories&post=1819"},{"taxonomy":"post_tag","embeddable":true,"href":"https:\/\/gazetaregionalna.com\/index.php?rest_route=%2Fwp%2Fv2%2Ftags&post=1819"}],"curies":[{"name":"wp","href":"https:\/\/api.w.org\/{rel}","templated":true}]}}