{"id":17979,"date":"2020-08-05T12:48:40","date_gmt":"2020-08-05T12:48:40","guid":{"rendered":"https:\/\/gazetaregionalna.com\/?p=17979"},"modified":"2020-08-05T13:01:08","modified_gmt":"2020-08-05T13:01:08","slug":"1-wrzesnia-dzieci-wroca-do-szkoly","status":"publish","type":"post","link":"https:\/\/gazetaregionalna.com\/?p=17979","title":{"rendered":"1 wrze\u015bnia dzieci wr\u00f3c\u0105 do szko\u0142y"},"content":{"rendered":"\n<p><\/p>\n\n\n\n<h2 class=\"wp-block-heading\"> 1 wrze\u015bnia dzieci wr\u00f3c\u0105 do szko\u0142y. Zapowiedzia\u0142o dzisiaj Ministerstwo Edukacji Narodowej.<\/h2>\n\n\n\n<p> Elastyczne modele kszta\u0142cenia, uprawnienia dyrektor\u00f3w w sytuacji zagro\u017cenia zara\u017cenia COVID-19 w szko\u0142ach i plac\u00f3wkach, wytyczne sanepidu dla szk\u00f3\u0142 i plac\u00f3wek, kalendarz dzia\u0142a\u0144 legislacyjnych to tylko cz\u0119\u015b\u0107 programu opracowanego przez MEN w zwi\u0105zku z pandemi\u0105. Przedstawi\u0142 je  na dzisiejszej konferencji prasowej minister edukacji Dariusz Piontkowski.<\/p>\n\n\n\n<p> \u2013 1 wrze\u015bnia uczniowie wracaj\u0105 do szk\u00f3\u0142. A my robimy wszystko, by uczyli si\u0119 w bezpiecznych warunkach. Przygotowujemy rozwi\u0105zania \u2013 wytyczne sanitarne i rozwi\u0105zania prawne, kt\u00f3re pozwol\u0105 odpowiednio zareagowa\u0107 i podj\u0105\u0107 w\u0142a\u015bciwe decyzje gdy pojawi si\u0119 ognisko zaka\u017cenia \u2013 powiedzia\u0142 minister Dariusz Piontkowski podczas konferencji.<\/p>\n\n\n\n<p>Minister Dariusz Piontkowski przedstawi\u0142 opracowane wsp\u00f3lnie z G\u0142\u00f3wnym Inspektorem Sanitarnym, Ministrem Zdrowia wytyczne dla szk\u00f3\u0142 i plac\u00f3wek, kt\u00f3re b\u0119d\u0105 obowi\u0105zywa\u0142y od 1 wrze\u015bnia 2020 r. Maj\u0105 one zastosowanie do organizacji pracy szk\u00f3\u0142 i plac\u00f3wek, w tym dla uczni\u00f3w ze specjalnymi potrzebami edukacyjnymi.<\/p>\n\n\n\n<p>\nWytyczne\nzawieraj\u0105 og\u00f3lne i szczeg\u00f3\u0142owe zalecenia zwi\u0105zane m.in. z\norganizacj\u0105 zaj\u0119\u0107 w szkole, wydawaniem posi\u0142k\u00f3w, higien\u0105,\nczyszczeniem, dezynfekcj\u0105 pomieszcze\u0144 i powierzchni, post\u0119powaniem\nw przypadku podejrzenia zaka\u017cenia u uczni\u00f3w i pracownik\u00f3w szko\u0142y.<\/p>\n\n\n\n<p>\nJak\npoda\u0142 MEN, g\u0142\u00f3wn\u0105 wytyczn\u0105 jest bezwzgl\u0119dne przestrzeganie\npodstawowych zasad higieny: cz\u0119ste mycie r\u0105k, ochrona podczas\nkichania i kaszlu, unikanie dotykania oczu, nosa i ust, obowi\u0105zkowe\nzakrywanie ust i nosa przez osoby trzecie przychodz\u0105ce do szko\u0142y\nlub plac\u00f3wki, regularne czyszczenie pomieszcze\u0144. Uczniowie w\nklasach nie b\u0119d\u0105 musieli nosi\u0107 maseczek. MEN zaleca r\u00f3wnie\u017c, w\nmiar\u0119 mo\u017cliwo\u015bci, tak\u0105 organizacj\u0119 pracy i jej koordynacj\u0119,\nkt\u00f3ra umo\u017cliwi zachowanie dystansu mi\u0119dzy osobami przebywaj\u0105cymi\nna terenie plac\u00f3wki o\u015bwiatowej.<\/p>\n\n\n\n<p>\nNa\npodstawienie wytycznych GIS dyrektorzy szk\u00f3\u0142 i plac\u00f3wek mog\u0105\nteraz przyst\u0105pi\u0107 do opracowania wewn\u0119trznych regulamin\u00f3w i\nprocedur funkcjonowania szko\u0142y i plac\u00f3wki w czasie epidemii. \n<\/p>\n\n\n\n<p> Jak zapowiedziano na dzisiejszej konferencji, do po\u0142owy sierpnia  G\u0142\u00f3wny Inspektor Sanitarny, w porozumieniu z MEN, opracuje szczeg\u00f3\u0142owe rekomendacje post\u0119powania dla powiatowych inspektor\u00f3w sanitarnych w sytuacji wyst\u0105pienia na terenie szko\u0142y ogniska zaka\u017cenia. Maj\u0105 one by\u0107 dostosowane do stopnia zagro\u017cenia wyst\u0119puj\u0105cego na danym terenie. <\/p>\n\n\n\n<p>W nadchodz\u0105cym roku szkolnym MEN przewiduje trzy warianty nauczania: tradycyjne nauczanie w szko\u0142ach, nauczanie zdalne i wariant hybrydowy, czyli nauczanie mieszane \u2013 stacjonarne i zdalne.<\/p>\n\n\n\n<p> Warianty funkcjonowania szk\u00f3\u0142 i plac\u00f3wek w okresie pandemii w sytuacji wyst\u0105pienia zaka\u017cenia na danym terenie:<\/p>\n\n\n\n<h4 class=\"wp-block-heading\">\n<strong>Wariant\nA \u2013 tradycyjna forma kszta\u0142cenia<\/strong><\/h4>\n\n\n\n<p>\nW\nszkole funkcjonuje tradycyjne kszta\u0142cenie. Obowi\u0105zuj\u0105 wytyczne\nGIS\/MZ i MEN dla szk\u00f3\u0142 i plac\u00f3wek o\u015bwiatowych.<\/p>\n\n\n\n<p>\nW\nprzypadku wyst\u0105pienia zagro\u017cenia epidemiologicznego dyrektor\nszko\u0142y, po uzyskaniu pozytywnej opinii Pa\u0144stwowego Powiatowego\nInspektora Sanitarnego i za zgod\u0105 organu prowadz\u0105cego, b\u0119dzie m\u00f3g\u0142\ncz\u0119\u015bciowo lub w ca\u0142o\u015bci zawiesi\u0107 stacjonarn\u0105 prac\u0119 szk\u00f3\u0142 i\nplac\u00f3wek. W\u00f3wczas dopuszczalne b\u0119d\u0105 dwa warianty kszta\u0142cenia: B\ni C.<\/p>\n\n\n\n<h4 class=\"wp-block-heading\">\n<strong>Wariant\nB \u2013 mieszana forma kszta\u0142cenia (hybrydowa)<\/strong><\/h4>\n\n\n\n<p>\nDyrektor\nb\u0119dzie m\u00f3g\u0142 zawiesi\u0107 zaj\u0119cia grupy, grupy wychowawczej,\noddzia\u0142u, klasy, etapu edukacyjnego lub ca\u0142ej szko\u0142y lub plac\u00f3wki,\nw zakresie wszystkich lub poszczeg\u00f3lnych zaj\u0119\u0107 i prowadzi\u0107\nkszta\u0142cenie na odleg\u0142o\u015b\u0107 (zdalne). B\u0119dzie to zale\u017ca\u0142o od\nsytuacji epidemicznej na danym terenie, w danej szkole czy plac\u00f3wce.\nDecyzj\u0119 podejmie dyrektor po uzyskaniu zgody organu prowadz\u0105cego i\notrzymaniu pozytywnej opinii Pa\u0144stwowego Powiatowego Inspektora\nSanitarnego. Opinie te, b\u0119dzie mo\u017cna &#8211; z uwagi na konieczno\u015b\u0107\npodejmowania szybkiej decyzji &#8211; uzyska\u0107 pisemnie, ustnie, za pomoc\u0105\nemaila, telefonu.<\/p>\n\n\n\n<h4 class=\"wp-block-heading\">\n<strong>Wariant\nC \u2013 kszta\u0142cenie zdalne<\/strong><\/h4>\n\n\n\n<p>\nDyrektor\nszko\u0142y, plac\u00f3wki podejmuje decyzj\u0119 o zawieszeniu zaj\u0119\u0107\nstacjonarnych na okre\u015blony czas i wprowadzeniu w ca\u0142ej szkole\nkszta\u0142cenia na odleg\u0142o\u015b\u0107 (edukacji zdalnej). Konieczna b\u0119dzie w\ntym przypadku zgoda organu prowadz\u0105cego i pozytywna opinia\nPa\u0144stwowego Powiatowego Inspektora Sanitarnego. Minister Edukacji\nNarodowej nadal zachowuje uprawnienie do ograniczenia zaj\u0119\u0107 w\nszko\u0142ach na terenie kraju.<\/p>\n\n\n\n<p> Minister edukacji zapowiedzia\u0142 dzisiaj, \u017ce w po\u0142owie tego miesi\u0105ca zorganizowane zostan\u0105 spotkania z wojewodami, z regionalnymi inspektorami sanitarnymi, dyrektorami szk\u00f3\u0142 i plac\u00f3wek. Ponadto MEN przygotuje materia\u0142y informacyjne dla dyrektor\u00f3w szk\u00f3\u0142, rodzic\u00f3w z najwa\u017cniejszymi wytycznymi dotycz\u0105cymi zasad bezpiecze\u0144stwa.<\/p>\n\n\n\n<p>Jak zaznaczy\u0142 minister, plany MEN mo\u017ce oczywi\u015bcie skorygowa\u0107 sytuacja epidemiczna w kraju.<br> <br> <br> <\/p>\n\n\n\n<p> (\u0179r\u00f3d\u0142o: Departament Informacji i Promocji<br> Ministerstwo Edukacji Narodowej, fot. pixabay)<\/p>\n","protected":false},"excerpt":{"rendered":"<p>1 wrze\u015bnia dzieci wr\u00f3c\u0105 do szko\u0142y. Zapowiedzia\u0142o dzisiaj Ministerstwo Edukacji Narodowej. Elastyczne modele kszta\u0142cenia, uprawnienia dyrektor\u00f3w w sytuacji zagro\u017cenia zara\u017cenia COVID-19 w szko\u0142ach i<\/p>\n","protected":false},"author":7,"featured_media":17982,"comment_status":"open","ping_status":"open","sticky":false,"template":"","format":"standard","meta":{"_monsterinsights_skip_tracking":false,"_monsterinsights_sitenote_active":false,"_monsterinsights_sitenote_note":"","_monsterinsights_sitenote_category":0,"_uf_show_specific_survey":0,"_uf_disable_surveys":false,"footnotes":""},"categories":[41,94,2],"tags":[],"class_list":["post-17979","post","type-post","status-publish","format-standard","has-post-thumbnail","hentry","category-edukacja","category-polecane","category-wiadomosci"],"_links":{"self":[{"href":"https:\/\/gazetaregionalna.com\/index.php?rest_route=\/wp\/v2\/posts\/17979","targetHints":{"allow":["GET"]}}],"collection":[{"href":"https:\/\/gazetaregionalna.com\/index.php?rest_route=\/wp\/v2\/posts"}],"about":[{"href":"https:\/\/gazetaregionalna.com\/index.php?rest_route=\/wp\/v2\/types\/post"}],"author":[{"embeddable":true,"href":"https:\/\/gazetaregionalna.com\/index.php?rest_route=\/wp\/v2\/users\/7"}],"replies":[{"embeddable":true,"href":"https:\/\/gazetaregionalna.com\/index.php?rest_route=%2Fwp%2Fv2%2Fcomments&post=17979"}],"version-history":[{"count":7,"href":"https:\/\/gazetaregionalna.com\/index.php?rest_route=\/wp\/v2\/posts\/17979\/revisions"}],"predecessor-version":[{"id":17993,"href":"https:\/\/gazetaregionalna.com\/index.php?rest_route=\/wp\/v2\/posts\/17979\/revisions\/17993"}],"wp:featuredmedia":[{"embeddable":true,"href":"https:\/\/gazetaregionalna.com\/index.php?rest_route=\/wp\/v2\/media\/17982"}],"wp:attachment":[{"href":"https:\/\/gazetaregionalna.com\/index.php?rest_route=%2Fwp%2Fv2%2Fmedia&parent=17979"}],"wp:term":[{"taxonomy":"category","embeddable":true,"href":"https:\/\/gazetaregionalna.com\/index.php?rest_route=%2Fwp%2Fv2%2Fcategories&post=17979"},{"taxonomy":"post_tag","embeddable":true,"href":"https:\/\/gazetaregionalna.com\/index.php?rest_route=%2Fwp%2Fv2%2Ftags&post=17979"}],"curies":[{"name":"wp","href":"https:\/\/api.w.org\/{rel}","templated":true}]}}