{"id":17814,"date":"2020-08-04T12:54:41","date_gmt":"2020-08-04T12:54:41","guid":{"rendered":"https:\/\/gazetaregionalna.com\/?p=17814"},"modified":"2020-08-04T12:54:43","modified_gmt":"2020-08-04T12:54:43","slug":"sciezki-rowerowe","status":"publish","type":"post","link":"https:\/\/gazetaregionalna.com\/?p=17814","title":{"rendered":"\u015acie\u017cki rowerowe w Poraju"},"content":{"rendered":"\n<h2 class=\"wp-block-heading\">31 lipca br. w Gminie Poraj odby\u0142o si\u0119 zebranie w sprawie budowy \u015bcie\u017cek\nrowerowych \u0142\u0105cz\u0105cych z Gmin\u0105 Olsztyn. <\/h2>\n\n\n\n<p>W czasie spotkania obecni byli: <\/p>\n\n\n\n<ul class=\"wp-block-list\"><li>Pe\u0142nomocnik Marsza\u0142ka Wojew\u00f3dztwa \u015al\u0105skiego ds.\nPolityki rowerowej &#8211; <strong>Aleksander Kopia<\/strong>;<\/li><li>W\u00f3jt Gminy Poraj &#8211; <strong>Katarzyna Ka\u017amierczak;<\/strong><strong><\/strong><\/li><li>Kierownik Referatu Gospodarki\nKomunalnej, Inwestycji i Pozyskiwania \u015arodk\u00f3w&nbsp;&#8211; <strong>Adam Zaczkowski;<\/strong><strong><\/strong><\/li><li>Radni &#8211;&nbsp;<strong>Ewa Mas\u0142o\u0144<\/strong>,&nbsp;<strong>Grzegorz Bojanek<\/strong>,&nbsp;<strong>Bartosz Rajczyk;<\/strong><strong><\/strong><\/li><li>Przewodnicz\u0105cy Rady So\u0142ectwa\nPoraj &#8211;&nbsp;<strong>Rafa\u0142 Kisiel;<\/strong><strong><\/strong><\/li><li>mieszkaniec \u017barek Letniska i zapalony\nrowerzysta,&nbsp;<strong>Igor Jatulewicz<\/strong>.<\/li><\/ul>\n\n\n\n<p>Zebrani poznali ca\u0142\u0105 koncepcj\u0119 poprowadzenia dr\u00f3g rowerowych w woj. \u015al\u0105skim\noraz Subregionie P\u00f3\u0142nocnym Wojew\u00f3dztwa \u015al\u0105skiego oraz poznali zasady dobrego\nznakowania i odpowiedniej budowy szlak\u00f3w rowerowych. Dodatkowo zosta\u0142a\nprzedstawiona koncepcja wsp\u00f3\u0142pracy z lokalnymi przedsi\u0119biorcami, kt\u00f3rzy\ndostosowali si\u0119 do turysty rowerowego.<\/p>\n\n\n\n<p>W czasie trwania spotkania by\u0142y prowadzone rozmowy o rozwoju idei\npoprowadzenia drogi rowerowej przy starej drodze, wzd\u0142u\u017c zalewu, odbudowie\nmostu na Ordonce, koncepcji po\u0142\u0105czenia gminy Poraj, drog\u0105 przez Choro\u0144, z gmin\u0105\nOlsztyn. Odby\u0142a si\u0119 te\u017c wizja lokalna w newralgicznych miejscach obecnie\nistniej\u0105cej infrastruktury.<\/p>\n\n\n\n<p>Spotkanie wyja\u015bni\u0142o uczestnikom wiele aspekt\u00f3w dzia\u0142ania, tak by w przysz\u0142o\u015bci turystyka rowerowa sta\u0142a si\u0119 jednym z wa\u017cniejszych element\u00f3w aktywno\u015bci w gminie Poraj.<\/p>\n\n\n\n<p>[post_gallery]<\/p>\n\n\n\n<p>(\u0179r\u00f3d\u0142o: Gmina Poraj)<\/p>\n","protected":false},"excerpt":{"rendered":"<p>31 lipca br. w Gminie Poraj odby\u0142o si\u0119 zebranie w sprawie budowy \u015bcie\u017cek rowerowych \u0142\u0105cz\u0105cych z Gmin\u0105 Olsztyn. W czasie spotkania obecni byli: Pe\u0142nomocnik<\/p>\n","protected":false},"author":12,"featured_media":17828,"comment_status":"open","ping_status":"open","sticky":false,"template":"","format":"standard","meta":{"_monsterinsights_skip_tracking":false,"_monsterinsights_sitenote_active":false,"_monsterinsights_sitenote_note":"","_monsterinsights_sitenote_category":0,"_uf_show_specific_survey":0,"_uf_disable_surveys":false,"footnotes":""},"categories":[33,26,94,5,13],"tags":[],"class_list":["post-17814","post","type-post","status-publish","format-standard","has-post-thumbnail","hentry","category-inwestycje","category-myszkow","category-polecane","category-sport","category-wydarzenia"],"_links":{"self":[{"href":"https:\/\/gazetaregionalna.com\/index.php?rest_route=\/wp\/v2\/posts\/17814","targetHints":{"allow":["GET"]}}],"collection":[{"href":"https:\/\/gazetaregionalna.com\/index.php?rest_route=\/wp\/v2\/posts"}],"about":[{"href":"https:\/\/gazetaregionalna.com\/index.php?rest_route=\/wp\/v2\/types\/post"}],"author":[{"embeddable":true,"href":"https:\/\/gazetaregionalna.com\/index.php?rest_route=\/wp\/v2\/users\/12"}],"replies":[{"embeddable":true,"href":"https:\/\/gazetaregionalna.com\/index.php?rest_route=%2Fwp%2Fv2%2Fcomments&post=17814"}],"version-history":[{"count":2,"href":"https:\/\/gazetaregionalna.com\/index.php?rest_route=\/wp\/v2\/posts\/17814\/revisions"}],"predecessor-version":[{"id":17829,"href":"https:\/\/gazetaregionalna.com\/index.php?rest_route=\/wp\/v2\/posts\/17814\/revisions\/17829"}],"wp:featuredmedia":[{"embeddable":true,"href":"https:\/\/gazetaregionalna.com\/index.php?rest_route=\/wp\/v2\/media\/17828"}],"wp:attachment":[{"href":"https:\/\/gazetaregionalna.com\/index.php?rest_route=%2Fwp%2Fv2%2Fmedia&parent=17814"}],"wp:term":[{"taxonomy":"category","embeddable":true,"href":"https:\/\/gazetaregionalna.com\/index.php?rest_route=%2Fwp%2Fv2%2Fcategories&post=17814"},{"taxonomy":"post_tag","embeddable":true,"href":"https:\/\/gazetaregionalna.com\/index.php?rest_route=%2Fwp%2Fv2%2Ftags&post=17814"}],"curies":[{"name":"wp","href":"https:\/\/api.w.org\/{rel}","templated":true}]}}