{"id":17805,"date":"2020-08-04T11:17:42","date_gmt":"2020-08-04T11:17:42","guid":{"rendered":"https:\/\/gazetaregionalna.com\/?p=17805"},"modified":"2020-08-04T11:17:44","modified_gmt":"2020-08-04T11:17:44","slug":"konsultacje-spoleczne","status":"publish","type":"post","link":"https:\/\/gazetaregionalna.com\/?p=17805","title":{"rendered":"W Radomsku konsultacje spo\u0142eczne"},"content":{"rendered":"\n<h2 class=\"wp-block-heading\">Prezydent Miasta Radomska Jaros\u0142aw Ferenc og\u0142asza konsultacje spo\u0142eczne\ndotycz\u0105ce \u201eProjektu za\u0142o\u017ce\u0144 do planu zaopatrzenia w ciep\u0142o, energi\u0119 elektryczn\u0105\ni paliwa gazowe dla Miasta Radomska \u2013 aktualizacja\u201d. <\/h2>\n\n\n\n<p>Konsultacje skierowane s\u0105 do wszystkich pe\u0142noletnich mieszka\u0144c\u00f3w Radomska. Maj\u0105 na one celu uzyskanie opinii i uwag w zakresie przedstawionego \u201eProjektu za\u0142o\u017ce\u0144 do planu zaopatrzenia w ciep\u0142o, energi\u0119 elektryczn\u0105 i paliwa gazowe dla Miasta Radomska \u2013 aktualizacja\u201d.<\/p>\n\n\n\n<p><strong>Konsultacje prowadzone s\u0105 w formie:<\/strong><\/p>\n\n\n\n<ul class=\"wp-block-list\"><li>elektronicznej,\npoprzez pobranie formularza zg\u0142aszania uwag ze strony <a href=\"http:\/\/www.radomsko.pl\/\" target=\"_blank\" rel=\"noopener\">www.radomsko.pl<\/a>,\nwype\u0142nienie oraz odes\u0142ania go na adres email:&nbsp;<a href=\"mailto:um@radomsko.pl\">um@radomsko.pl<\/a>&nbsp;do dnia 24 sierpnia\n2020 roku;<\/li><li>papierowej,\npoprzez pobranie i wydrukowanie formularza zg\u0142aszania uwag ze strony\ninternetowej&nbsp;<a href=\"http:\/\/www.radomsko.pl\/\" target=\"_blank\" rel=\"noopener\">www.radomsko.pl<\/a>&nbsp;lub\npobranie z Punktu Obs\u0142ugi Interesanta w Urz\u0119dzie Miasta Radomska&nbsp; oraz\nz\u0142o\u017cenia wype\u0142nionego formularza w Urz\u0119dzie Miasta Radomska w godzinach pracy\nurz\u0119du do dnia 24 sierpnia 2020 roku;<\/li><li>Uwagi i\nwnioski mog\u0105 r\u00f3wnie\u017c zosta\u0107 z\u0142o\u017cone ustnie do protoko\u0142u w Urz\u0119dzie Miasta\nRadomska, pok\u00f3j nr 319.<\/li><\/ul>\n\n\n\n<p>Opiniowany\ndokument wy\u0142o\u017cony jest do publicznego wgl\u0105du w Urz\u0119dzie Miasta Radomska, pok\u00f3j\nnr 319 i jest dost\u0119pny w godzinach pracy urz\u0119du.<\/p>\n\n\n\n<p>Konsultacje obywatelskie trwaj\u0105 <strong>od 3 do 24 sierpnia 2020 roku<\/strong>.<\/p>\n\n\n\n<p>Wyniki konsultacji zawieraj\u0105ce zestawienie zg\u0142oszonych uwag zostan\u0105\nzamieszczone na stronie internetowej&nbsp;<a href=\"http:\/\/www.radomsko.pl\/\" target=\"_blank\" rel=\"noopener\">www.radomsko.pl<\/a>&nbsp;oraz w\nBiuletynie Informacji Publicznej w ci\u0105gu 14 dni od zako\u0144czenia konsultacji.<\/p>\n\n\n\n<p>(\u0179r\u00f3d\u0142o: UM Radomsko)<\/p>\n","protected":false},"excerpt":{"rendered":"<p>Prezydent Miasta Radomska Jaros\u0142aw Ferenc og\u0142asza konsultacje spo\u0142eczne dotycz\u0105ce \u201eProjektu za\u0142o\u017ce\u0144 do planu zaopatrzenia w ciep\u0142o, energi\u0119 elektryczn\u0105 i paliwa gazowe dla Miasta Radomska<\/p>\n","protected":false},"author":12,"featured_media":17807,"comment_status":"open","ping_status":"open","sticky":false,"template":"","format":"standard","meta":{"_monsterinsights_skip_tracking":false,"_monsterinsights_sitenote_active":false,"_monsterinsights_sitenote_note":"","_monsterinsights_sitenote_category":0,"_uf_show_specific_survey":0,"_uf_disable_surveys":false,"footnotes":""},"categories":[94,28,2],"tags":[],"class_list":["post-17805","post","type-post","status-publish","format-standard","has-post-thumbnail","hentry","category-polecane","category-radomsko","category-wiadomosci"],"_links":{"self":[{"href":"https:\/\/gazetaregionalna.com\/index.php?rest_route=\/wp\/v2\/posts\/17805","targetHints":{"allow":["GET"]}}],"collection":[{"href":"https:\/\/gazetaregionalna.com\/index.php?rest_route=\/wp\/v2\/posts"}],"about":[{"href":"https:\/\/gazetaregionalna.com\/index.php?rest_route=\/wp\/v2\/types\/post"}],"author":[{"embeddable":true,"href":"https:\/\/gazetaregionalna.com\/index.php?rest_route=\/wp\/v2\/users\/12"}],"replies":[{"embeddable":true,"href":"https:\/\/gazetaregionalna.com\/index.php?rest_route=%2Fwp%2Fv2%2Fcomments&post=17805"}],"version-history":[{"count":1,"href":"https:\/\/gazetaregionalna.com\/index.php?rest_route=\/wp\/v2\/posts\/17805\/revisions"}],"predecessor-version":[{"id":17806,"href":"https:\/\/gazetaregionalna.com\/index.php?rest_route=\/wp\/v2\/posts\/17805\/revisions\/17806"}],"wp:featuredmedia":[{"embeddable":true,"href":"https:\/\/gazetaregionalna.com\/index.php?rest_route=\/wp\/v2\/media\/17807"}],"wp:attachment":[{"href":"https:\/\/gazetaregionalna.com\/index.php?rest_route=%2Fwp%2Fv2%2Fmedia&parent=17805"}],"wp:term":[{"taxonomy":"category","embeddable":true,"href":"https:\/\/gazetaregionalna.com\/index.php?rest_route=%2Fwp%2Fv2%2Fcategories&post=17805"},{"taxonomy":"post_tag","embeddable":true,"href":"https:\/\/gazetaregionalna.com\/index.php?rest_route=%2Fwp%2Fv2%2Ftags&post=17805"}],"curies":[{"name":"wp","href":"https:\/\/api.w.org\/{rel}","templated":true}]}}