{"id":17793,"date":"2020-08-04T10:14:33","date_gmt":"2020-08-04T10:14:33","guid":{"rendered":"https:\/\/gazetaregionalna.com\/?p=17793"},"modified":"2020-08-04T10:14:36","modified_gmt":"2020-08-04T10:14:36","slug":"otwarcie-bulwaru","status":"publish","type":"post","link":"https:\/\/gazetaregionalna.com\/?p=17793","title":{"rendered":"5 sierpnia oficjalne otwarcie Bulwaru w Lubli\u0144cu"},"content":{"rendered":"\n<h2 class=\"wp-block-heading\">5 sierpnia odb\u0119dzie\nsi\u0119 oficjalne otwarcie kolejnego, zrewitalizowanego fragmentu Bulwaru.<\/h2>\n\n\n\n<p>Na obszarze o\npowierzchni 2,12 ha z my\u015bl\u0105 o mieszka\u0144cach Lubli\u0144ca powsta\u0142 pi\u0119kny teren\nrekreacyjny, kt\u00f3ry po\u0142o\u017cony jest wzd\u0142u\u017c Lublinicy od ul. Grunwaldzkiej do\nLubiteki.<\/p>\n\n\n\n<p>Na przed\u0142u\u017ceniu\nBulwaru im. Franciszka Grotowskiego powsta\u0142y: <\/p>\n\n\n\n<ul class=\"wp-block-list\"><li>plac zabaw i place wypoczynkowe; <\/li><li>zbiornik wodny z fontann\u0105;<\/li><li>zewn\u0119trzna t\u0119\u017cnia solankowa; <\/li><li>\u015bcie\u017cki dla spacerowicz\u00f3w.<\/li><\/ul>\n\n\n\n<p>Teren po gruntownej\nrewitalizacji wyposa\u017cono m.in. w: <\/p>\n\n\n\n<ul class=\"wp-block-list\"><li>monitoring;<\/li><li>kontenery sanitarne;<\/li><li>elementy ma\u0142ej infrastruktury. <\/li><\/ul>\n\n\n\n<p>Zadanie kosztowa\u0142o\nponad 4,1 mln z\u0142.<\/p>\n\n\n\n<p>W\u0142adze miasta\nprosz\u0105 uczestnik\u00f3w otwarcia o przestrzeganie obowi\u0105zuj\u0105cych obostrze\u0144\nsanitarnych wprowadzonych w zwi\u0105zku z pandemi\u0105 COVID-19.<\/p>\n\n\n\n<p>Plan dnia: <\/p>\n\n\n\n<ul class=\"wp-block-list\"><li>10.00 \u2013 13.00 Street football &#8211; I cz\u0119\u015b\u0107 pokazu pi\u0142karskiego;<\/li><li>16.00 \u201319.00 Street football &#8211; II cz\u0119\u015b\u0107 pokazu pi\u0142karskiego;<\/li><li>17.00 \u201319.00 warsztaty rodzinne na tarasie Lubiteki;<\/li><li>fantazje papierowe z origiami \u2013 poprowadzi Iwona \u015aleziona Plawgo;<\/li><li>rodzinne planszo \u2013 granie \u2013 poprowadzi Grzegorz Drynda;<\/li><li>16.00 Klachy u Kachy- jak zmieni\u0107 swoje \u017cycie, pokona\u0107 na\u0142\u00f3g, zrzuci\u0107 ponad\n30 kg i zacz\u0105\u0107 codziennie si\u0119 u\u015bmiecha\u0107 w gwarze \u015bl\u0105skiej opowie Kasia Lubina;<\/li><li>prezentacja ksi\u0105\u017cki &#8222;Niepami\u0119tnik&#8221; \u2013 Lucyny Spaczy\u0144skiej;<\/li><li>17.00 \u2013 19.00 konsultacje kosmetyczne \u201eB\u0105d\u017a Pi\u0119kna\u201d z Mary Kay &#8211; Weronika\nKry\u015b, Adriana Mruga\u0142a;<\/li><li>18.00 \u2013 19.00 Zaj\u0119cia taneczno &#8211; fitnessowe &#8211; Kamil Ledwo\u0144;<\/li><li>20.00 \u2013 przemarsz Miejskiej M\u0142odzie\u017cowej Orkiestry D\u0119tej z Bulwaru\nGrotowskiego na nowy Bulwar pod Lubitek\u0105 i symboliczne przekazanie przez\nBurmistrza mieszka\u0144com Lubli\u0144ca Bulwaru poprzez pod\u015bwietlenie napisu\n\u201eLubliniec\u201d;<\/li><li>20.30 WERONIKA BOI\u0143SKA TRIO \u2013 KONCERT;<\/li><li>22.00 &#8211; pokaz laser\u00f3w.<\/li><\/ul>\n\n\n\n<p>Na imprez\u0119\nzapraszaj\u0105 organizatorzy:<\/p>\n\n\n\n<ul class=\"wp-block-list\"><li><a class=\"rank-math-link\" href=\"https:\/\/www.facebook.com\/MiastoLubliniecOfficial\/\" target=\"_blank\" rel=\"noopener\">Miasto Lubliniec<\/a>;<\/li><li><a class=\"rank-math-link\" href=\"https:\/\/www.facebook.com\/mdklubliniec\/\" target=\"_blank\" rel=\"noopener\">Miejski Dom Kultury Lubliniec<\/a>;<\/li><li><a class=\"rank-math-link\" href=\"https:\/\/www.facebook.com\/bibliotekalubliniec\/\" target=\"_blank\" rel=\"noopener\">LUBITEKA-Miejsko-Powiatowa Biblioteka Publiczna im. J. Lompy w Lubli\u0144cu<\/a>.<\/li><\/ul>\n\n\n\n<p>[post_gallery]<\/p>\n\n\n\n<p>(\u0179r\u00f3d\u0142o: <a href=\"https:\/\/www.facebook.com\/events\/305930100461372?active_tab=about\" class=\"rank-math-link\" target=\"_blank\" rel=\"noopener\">EVENT<\/a>)<\/p>\n","protected":false},"excerpt":{"rendered":"<p>5 sierpnia odb\u0119dzie si\u0119 oficjalne otwarcie kolejnego, zrewitalizowanego fragmentu Bulwaru. Na obszarze o powierzchni 2,12 ha z my\u015bl\u0105 o mieszka\u0144cach Lubli\u0144ca powsta\u0142 pi\u0119kny teren<\/p>\n","protected":false},"author":12,"featured_media":17795,"comment_status":"open","ping_status":"open","sticky":false,"template":"","format":"standard","meta":{"_monsterinsights_skip_tracking":false,"_monsterinsights_sitenote_active":false,"_monsterinsights_sitenote_note":"","_monsterinsights_sitenote_category":0,"_uf_show_specific_survey":0,"_uf_disable_surveys":false,"footnotes":""},"categories":[1,12,25,94,2],"tags":[],"class_list":["post-17793","post","type-post","status-publish","format-standard","has-post-thumbnail","hentry","category-uncategorized","category-kultura-i-rozrywka","category-lubliniec","category-polecane","category-wiadomosci"],"_links":{"self":[{"href":"https:\/\/gazetaregionalna.com\/index.php?rest_route=\/wp\/v2\/posts\/17793","targetHints":{"allow":["GET"]}}],"collection":[{"href":"https:\/\/gazetaregionalna.com\/index.php?rest_route=\/wp\/v2\/posts"}],"about":[{"href":"https:\/\/gazetaregionalna.com\/index.php?rest_route=\/wp\/v2\/types\/post"}],"author":[{"embeddable":true,"href":"https:\/\/gazetaregionalna.com\/index.php?rest_route=\/wp\/v2\/users\/12"}],"replies":[{"embeddable":true,"href":"https:\/\/gazetaregionalna.com\/index.php?rest_route=%2Fwp%2Fv2%2Fcomments&post=17793"}],"version-history":[{"count":2,"href":"https:\/\/gazetaregionalna.com\/index.php?rest_route=\/wp\/v2\/posts\/17793\/revisions"}],"predecessor-version":[{"id":17798,"href":"https:\/\/gazetaregionalna.com\/index.php?rest_route=\/wp\/v2\/posts\/17793\/revisions\/17798"}],"wp:featuredmedia":[{"embeddable":true,"href":"https:\/\/gazetaregionalna.com\/index.php?rest_route=\/wp\/v2\/media\/17795"}],"wp:attachment":[{"href":"https:\/\/gazetaregionalna.com\/index.php?rest_route=%2Fwp%2Fv2%2Fmedia&parent=17793"}],"wp:term":[{"taxonomy":"category","embeddable":true,"href":"https:\/\/gazetaregionalna.com\/index.php?rest_route=%2Fwp%2Fv2%2Fcategories&post=17793"},{"taxonomy":"post_tag","embeddable":true,"href":"https:\/\/gazetaregionalna.com\/index.php?rest_route=%2Fwp%2Fv2%2Ftags&post=17793"}],"curies":[{"name":"wp","href":"https:\/\/api.w.org\/{rel}","templated":true}]}}