{"id":17777,"date":"2020-08-04T08:29:13","date_gmt":"2020-08-04T08:29:13","guid":{"rendered":"https:\/\/gazetaregionalna.com\/?p=17777"},"modified":"2020-08-04T08:30:34","modified_gmt":"2020-08-04T08:30:34","slug":"bezplatne-badania","status":"publish","type":"post","link":"https:\/\/gazetaregionalna.com\/?p=17777","title":{"rendered":"Galeria Jurajska zaprasza 7 i 8 sierpnia na bezp\u0142atne badania i konsultacje lekarskie"},"content":{"rendered":"\n<h2 class=\"wp-block-heading\">W Galerii Jurajskiej <strong>7 i 8 sierpnia 2020 roku<\/strong> odb\u0119d\u0105 si\u0119 bezp\u0142atne badania i konsultacje lekarskie. Ka\u017cdy mo\u017ce z nich skorzysta\u0107. <\/h2>\n\n\n\n<p><strong>7 sierpnia br<\/strong>. w godzinach\n<strong>10:00 \u2013 18:00<\/strong> przed Galeri\u0105 Jurajsk\u0105\nstanie Mammobus. Z bezp\u0142atnego pakietu bada\u0144 mammograficznych mog\u0105 skorzysta\u0107\nPanie, kt\u00f3re wcze\u015bniej zarejestruj\u0105 si\u0119 pod numerem tel. 58 3257602 i pojawi\u0105\nsi\u0119 o um\u00f3wionej godzinie z dowodem to\u017csamo\u015bci. <\/p>\n\n\n\n<p><strong>7 i 8\nsierpnia br. <\/strong>w godzinach<strong>\n10:00 \u2013 18:00 <\/strong>wewn\u0105trz galerii na ch\u0119tnych b\u0119dzie czeka\u0107 blisko 10\nbezp\u0142atnych bada\u0144. W\u015br\u00f3d nich m.in.:<\/p>\n\n\n\n<ul class=\"wp-block-list\"><li>pomiar ci\u015bnienia t\u0119tniczego;<\/li><li>pomiar t\u0119tna oraz saturacji;<\/li><li>badanie poziomu glukozy;<\/li><li>badanie poziomu cholesterolu;<\/li><li>badanie poziomu TSH;<\/li><li>badanie poziomu witaminy D;<\/li><li>oznaczenie wska\u017anika BMI;<\/li><li>EKG;<\/li><li>Ocena ukrwienia ko\u0144czyn dolnych;<\/li><li>konsultacje z dietetykami;<\/li><li>konsultacje i&nbsp;badania w zakresie profilaktyki\nnowotworowej.<\/li><\/ul>\n\n\n\n<p>Wi\u0119kszo\u015b\u0107 z tych bada\u0144 profilaktycznych pozwoli na wczesne wykrycie chor\u00f3b\nuk\u0142adu kr\u0105\u017cenia. <\/p>\n\n\n\n<p>Osoby, kt\u00f3re w pi\u0105tek i sobot\u0119 wezm\u0105 udzia\u0142 akcji bada\u0144 b\u0119d\u0105 mog\u0142y odebra\u0107\nbezp\u0142atny gleukometr. <\/p>\n\n\n\n<p>Organizatorem bada\u0144 jest Telemedycyna Polska. Wszystkie badania odbywaj\u0105\nsi\u0119 z zachowaniem bezpiecze\u0144stwa i rygoru sanitarnego. O panuj\u0105cych zasadach\nprzypomina\u0107 b\u0119dzie personel medyczny.<\/p>\n\n\n\n<p>(\u0179r\u00f3d\u0142o: Galeria Jurajska)<\/p>\n","protected":false},"excerpt":{"rendered":"<p>W Galerii Jurajskiej 7 i 8 sierpnia 2020 roku odb\u0119d\u0105 si\u0119 bezp\u0142atne badania i konsultacje lekarskie. Ka\u017cdy mo\u017ce z nich skorzysta\u0107. 7 sierpnia br.<\/p>\n","protected":false},"author":12,"featured_media":17779,"comment_status":"open","ping_status":"open","sticky":false,"template":"","format":"standard","meta":{"_monsterinsights_skip_tracking":false,"_monsterinsights_sitenote_active":false,"_monsterinsights_sitenote_note":"","_monsterinsights_sitenote_category":0,"_uf_show_specific_survey":0,"_uf_disable_surveys":false,"footnotes":""},"categories":[13,3,94,2,37],"tags":[],"class_list":["post-17777","post","type-post","status-publish","format-standard","has-post-thumbnail","hentry","category-wydarzenia","category-czestochowa-informacje","category-polecane","category-wiadomosci","category-zdrowie"],"_links":{"self":[{"href":"https:\/\/gazetaregionalna.com\/index.php?rest_route=\/wp\/v2\/posts\/17777","targetHints":{"allow":["GET"]}}],"collection":[{"href":"https:\/\/gazetaregionalna.com\/index.php?rest_route=\/wp\/v2\/posts"}],"about":[{"href":"https:\/\/gazetaregionalna.com\/index.php?rest_route=\/wp\/v2\/types\/post"}],"author":[{"embeddable":true,"href":"https:\/\/gazetaregionalna.com\/index.php?rest_route=\/wp\/v2\/users\/12"}],"replies":[{"embeddable":true,"href":"https:\/\/gazetaregionalna.com\/index.php?rest_route=%2Fwp%2Fv2%2Fcomments&post=17777"}],"version-history":[{"count":3,"href":"https:\/\/gazetaregionalna.com\/index.php?rest_route=\/wp\/v2\/posts\/17777\/revisions"}],"predecessor-version":[{"id":17781,"href":"https:\/\/gazetaregionalna.com\/index.php?rest_route=\/wp\/v2\/posts\/17777\/revisions\/17781"}],"wp:featuredmedia":[{"embeddable":true,"href":"https:\/\/gazetaregionalna.com\/index.php?rest_route=\/wp\/v2\/media\/17779"}],"wp:attachment":[{"href":"https:\/\/gazetaregionalna.com\/index.php?rest_route=%2Fwp%2Fv2%2Fmedia&parent=17777"}],"wp:term":[{"taxonomy":"category","embeddable":true,"href":"https:\/\/gazetaregionalna.com\/index.php?rest_route=%2Fwp%2Fv2%2Fcategories&post=17777"},{"taxonomy":"post_tag","embeddable":true,"href":"https:\/\/gazetaregionalna.com\/index.php?rest_route=%2Fwp%2Fv2%2Ftags&post=17777"}],"curies":[{"name":"wp","href":"https:\/\/api.w.org\/{rel}","templated":true}]}}