{"id":17767,"date":"2020-08-04T07:42:51","date_gmt":"2020-08-04T07:42:51","guid":{"rendered":"https:\/\/gazetaregionalna.com\/?p=17767"},"modified":"2020-08-04T07:46:30","modified_gmt":"2020-08-04T07:46:30","slug":"mieszkancy-kusiat","status":"publish","type":"post","link":"https:\/\/gazetaregionalna.com\/?p=17767","title":{"rendered":"Mieszka\u0144cy Kusi\u0105t wykonali prace porz\u0105dkowe nad Jeziorkiem Krasowym"},"content":{"rendered":"\n<h2 class=\"wp-block-heading\">Mieszka\u0144cy Kusi\u0105t przeprowadzili prace porz\u0105dkowe nad Jeziorkiem Krasowym. W dniach 30 i 31 lipca 2020 roku wykoszono traw\u0119 wok\u00f3\u0142 jeziorka, pomalowano \u0142awki oraz altany.<\/h2>\n\n\n\n<p>Szczeg\u00f3lne zaanga\u017cowani w prace byli Krzysztof Dobosz, prezesowi OSP Kusi\u0119ta oraz Gabriela Klimek, So\u0142tys Kusi\u0105t. <\/p>\n\n\n\n<p>&#8211; \u201e<em>Serdecznie zapraszamy wszystkich mieszka\u0144c\u00f3w Gminy Olsztyn oraz turyst\u00f3w do odwiedzenia &#8222;per\u0142y regionu&#8221;, jakim jest Jeziorko Krasowe, mo\u017cna tu pow\u0119dkowa\u0107 i sp\u0119dzi\u0107 mi\u0142o czas w rodzinnym gronie\u201d <\/em>&#8211; m\u00f3wi Marcin Poch, Radny Gminy Olsztyn.<\/p>\n\n\n\n<p>[post_gallery]<\/p>\n\n\n\n<p>(\u0179r\u00f3d\u0142o: Gmina Olsztyn)<\/p>\n","protected":false},"excerpt":{"rendered":"<p>Mieszka\u0144cy Kusi\u0105t przeprowadzili prace porz\u0105dkowe nad Jeziorkiem Krasowym. W dniach 30 i 31 lipca 2020 roku wykoszono traw\u0119 wok\u00f3\u0142 jeziorka, pomalowano \u0142awki oraz altany.<\/p>\n","protected":false},"author":12,"featured_media":17770,"comment_status":"open","ping_status":"open","sticky":false,"template":"","format":"standard","meta":{"_monsterinsights_skip_tracking":false,"_monsterinsights_sitenote_active":false,"_monsterinsights_sitenote_note":"","_monsterinsights_sitenote_category":0,"_uf_show_specific_survey":0,"_uf_disable_surveys":false,"footnotes":""},"categories":[13,3,94,4],"tags":[],"class_list":["post-17767","post","type-post","status-publish","format-standard","has-post-thumbnail","hentry","category-wydarzenia","category-czestochowa-informacje","category-polecane","category-region"],"_links":{"self":[{"href":"https:\/\/gazetaregionalna.com\/index.php?rest_route=\/wp\/v2\/posts\/17767","targetHints":{"allow":["GET"]}}],"collection":[{"href":"https:\/\/gazetaregionalna.com\/index.php?rest_route=\/wp\/v2\/posts"}],"about":[{"href":"https:\/\/gazetaregionalna.com\/index.php?rest_route=\/wp\/v2\/types\/post"}],"author":[{"embeddable":true,"href":"https:\/\/gazetaregionalna.com\/index.php?rest_route=\/wp\/v2\/users\/12"}],"replies":[{"embeddable":true,"href":"https:\/\/gazetaregionalna.com\/index.php?rest_route=%2Fwp%2Fv2%2Fcomments&post=17767"}],"version-history":[{"count":2,"href":"https:\/\/gazetaregionalna.com\/index.php?rest_route=\/wp\/v2\/posts\/17767\/revisions"}],"predecessor-version":[{"id":17776,"href":"https:\/\/gazetaregionalna.com\/index.php?rest_route=\/wp\/v2\/posts\/17767\/revisions\/17776"}],"wp:featuredmedia":[{"embeddable":true,"href":"https:\/\/gazetaregionalna.com\/index.php?rest_route=\/wp\/v2\/media\/17770"}],"wp:attachment":[{"href":"https:\/\/gazetaregionalna.com\/index.php?rest_route=%2Fwp%2Fv2%2Fmedia&parent=17767"}],"wp:term":[{"taxonomy":"category","embeddable":true,"href":"https:\/\/gazetaregionalna.com\/index.php?rest_route=%2Fwp%2Fv2%2Fcategories&post=17767"},{"taxonomy":"post_tag","embeddable":true,"href":"https:\/\/gazetaregionalna.com\/index.php?rest_route=%2Fwp%2Fv2%2Ftags&post=17767"}],"curies":[{"name":"wp","href":"https:\/\/api.w.org\/{rel}","templated":true}]}}