{"id":17765,"date":"2020-08-03T17:12:26","date_gmt":"2020-08-03T17:12:26","guid":{"rendered":"https:\/\/gazetaregionalna.com\/?p=17765"},"modified":"2020-08-03T17:12:28","modified_gmt":"2020-08-03T17:12:28","slug":"rakow-czestochowa-26","status":"publish","type":"post","link":"https:\/\/gazetaregionalna.com\/?p=17765","title":{"rendered":"Rak\u00f3w Cz\u0119stochowa wygra\u0142 pierwszy sparing z Koron\u0105 Kielce. 5 bramek na pocz\u0105tek"},"content":{"rendered":"\n<p>Rak\u00f3w Cz\u0119stochowa przebywa w Warce na\nobozie przygotowawczym. W poniedzia\u0142ek cz\u0119stochowscy pi\u0142karze\nrozegrali pierwszy mecz kontrolny. Pokonali Koron\u0119 Kielce 5:0. \n<\/p>\n\n\n\n<p>Rak\u00f3w Cz\u0119stochowa na zgrupowanie przygotowuj\u0105ce do nowego sezonu wyjecha\u0142 30 lipca. Po kilku dniach trening\u00f3w podopieczni trenera <strong>Marka Papszuna<\/strong> rozegrali pierwszy z dw\u00f3ch zaplanowanych sparing\u00f3w. W poniedzia\u0142ek czerwono-niebiescy ograli 5:0 Koron\u0119 Kielce. Dwie bramki w tym spotkaniu strzeli\u0142 <strong>Felicio Brown Forbes<\/strong>, a po jednej <strong>Vladislavs Gutkovskis<\/strong>, <strong>Tomas Petrasek<\/strong> i <strong>Piotr Malinowski<\/strong>.  <\/p>\n\n\n\n<p>Trener Rakowa <strong>Marek Papszun <\/strong>podzieli\u0142 kadr\u0119 Rakowa na dwie jedenastki. Rak\u00f3w ju\u017c do przerwy prowadzi\u0142 2:0. Losy spotkania rozstrzygn\u0119\u0142y si\u0119 w drugiej cz\u0119\u015bci meczu, gdy cz\u0119stochowscy pi\u0142karze strzelili jeszcze trzy bramki. Co ciekawe dwie z nich zdoby\u0142 <strong>Felicio Brown Forbes<\/strong>. Pi\u0142karz ten do Rakowa trafi\u0142 z&#8230; Korony Kielce i zgodnie z warunkami umowy w meczach ekstraklasy nie m\u00f3g\u0142 gra\u0107 przeciwko Koronie. Zagra\u0142 jednak w sparingu i powetowa\u0142 sobie dwoma celnymi trafieniami.  <\/p>\n\n\n\n<p>Drugim i ostatnim sparingpartnerem\nRakowa podczas obozu przygotowawczego w Warce b\u0119dzie Lechia Gda\u0144sk.\nSparing Rakowa z Lechi\u0105 zaplanowany jest na sobot\u0119, 8 sierpnia.<\/p>\n\n\n\n<p>Okres przygotowawczy b\u0119dzie kr\u00f3tki. W\npo\u0142owie sierpnia Rak\u00f3w rozegra mecz 1\/32 Pucharu Polski z Sandecj\u0105\nNowy S\u0105cz, a w przedostatni weekend sierpnia rozpocznie nowy sezon w\nEkstraklasie. Rak\u00f3w w pierwszej kolejce zmierzy si\u0119 z mistrzem\nPolski Legi\u0105 Warszawa.  \n<\/p>\n\n\n\n<p><strong>Rak\u00f3w Cz\u0119stochowa \u2013 Korona\nKielce 5:0 (2:0)<\/strong><\/p>\n\n\n\n<p><strong>Bramki:<\/strong> 1:0 Gutkovskis, 2:0 Petrasek, 3:0 Forbes, 4:0 Forbes, 5:0 Malinowski.<\/p>\n\n\n\n<p><strong>Rak\u00f3w: <\/strong>Szumski \u2013 Petrasek, Pi\u0105tkowski, Miko\u0142ajewski, Bartl, Sapa\u0142a, Tudor, Poletanovi\u0107, Tijani\u0107, Cebula, Gutkovskis. II po\u0142owa: Pindroch \u2013 Miko\u0142ajewski, Niewulis, Pi\u0105tkowski, Kun, Lederman, Kaczmarek, Schwarz, Malinowski, Brown Forbes, Musiolik.  <\/p>\n","protected":false},"excerpt":{"rendered":"<p>Rak\u00f3w Cz\u0119stochowa przebywa w Warce na obozie przygotowawczym. W poniedzia\u0142ek cz\u0119stochowscy pi\u0142karze rozegrali pierwszy mecz kontrolny. Pokonali Koron\u0119 Kielce 5:0. Rak\u00f3w Cz\u0119stochowa na zgrupowanie<\/p>\n","protected":false},"author":15,"featured_media":15674,"comment_status":"open","ping_status":"open","sticky":false,"template":"","format":"standard","meta":{"_monsterinsights_skip_tracking":false,"_monsterinsights_sitenote_active":false,"_monsterinsights_sitenote_note":"","_monsterinsights_sitenote_category":0,"_uf_show_specific_survey":0,"_uf_disable_surveys":false,"footnotes":""},"categories":[5,6],"tags":[],"class_list":["post-17765","post","type-post","status-publish","format-standard","has-post-thumbnail","hentry","category-sport","category-pilka-nozna"],"_links":{"self":[{"href":"https:\/\/gazetaregionalna.com\/index.php?rest_route=\/wp\/v2\/posts\/17765","targetHints":{"allow":["GET"]}}],"collection":[{"href":"https:\/\/gazetaregionalna.com\/index.php?rest_route=\/wp\/v2\/posts"}],"about":[{"href":"https:\/\/gazetaregionalna.com\/index.php?rest_route=\/wp\/v2\/types\/post"}],"author":[{"embeddable":true,"href":"https:\/\/gazetaregionalna.com\/index.php?rest_route=\/wp\/v2\/users\/15"}],"replies":[{"embeddable":true,"href":"https:\/\/gazetaregionalna.com\/index.php?rest_route=%2Fwp%2Fv2%2Fcomments&post=17765"}],"version-history":[{"count":1,"href":"https:\/\/gazetaregionalna.com\/index.php?rest_route=\/wp\/v2\/posts\/17765\/revisions"}],"predecessor-version":[{"id":17766,"href":"https:\/\/gazetaregionalna.com\/index.php?rest_route=\/wp\/v2\/posts\/17765\/revisions\/17766"}],"wp:featuredmedia":[{"embeddable":true,"href":"https:\/\/gazetaregionalna.com\/index.php?rest_route=\/wp\/v2\/media\/15674"}],"wp:attachment":[{"href":"https:\/\/gazetaregionalna.com\/index.php?rest_route=%2Fwp%2Fv2%2Fmedia&parent=17765"}],"wp:term":[{"taxonomy":"category","embeddable":true,"href":"https:\/\/gazetaregionalna.com\/index.php?rest_route=%2Fwp%2Fv2%2Fcategories&post=17765"},{"taxonomy":"post_tag","embeddable":true,"href":"https:\/\/gazetaregionalna.com\/index.php?rest_route=%2Fwp%2Fv2%2Ftags&post=17765"}],"curies":[{"name":"wp","href":"https:\/\/api.w.org\/{rel}","templated":true}]}}