{"id":17753,"date":"2020-08-03T13:39:48","date_gmt":"2020-08-03T13:39:48","guid":{"rendered":"https:\/\/gazetaregionalna.com\/?p=17753"},"modified":"2020-08-03T13:53:37","modified_gmt":"2020-08-03T13:53:37","slug":"eltrox-wlokniarz-19","status":"publish","type":"post","link":"https:\/\/gazetaregionalna.com\/?p=17753","title":{"rendered":"Eltrox W\u0142\u00f3kniarz nie pojedzie we wtorek z Fogo Uni\u0105 Leszno. Mecz zosta\u0142 prze\u0142o\u017cony na 12 sierpnia"},"content":{"rendered":"\n<p>Eltrox W\u0142\u00f3kniarz ma w tym sezonie\npecha do mecz\u00f3w z Fogo Uni\u0105 Leszno. Zaplanowane na wtorek, 4\nsierpnia spotkanie po raz drugi zosta\u0142o prze\u0142o\u017cone. \n<\/p>\n\n\n\n<p>Etrox W\u0142\u00f3kniarz pierwotnie mia\u0142 si\u0119\n\u015bciga\u0107 z Fogo Uni\u0105 Leszno 26 lipca. P\u00f3\u0142 godziny przed meczem nad\nstadionem przesz\u0142y obfite opady deszczu i pojedynek zosta\u0142\nodwo\u0142any. Nowy termin zosta\u0142 wyznaczony na wtorek, 4 sierpnia. Z\u0142e\nprognozy pogody sprawi\u0142y, \u017ce zaleg\u0142y mecz Eltrox W\u0142\u00f3kniarz z\nFogo Uni\u0105 Leszno po raz drugi trzeba odwo\u0142a\u0107. \n<\/p>\n\n\n\n<p>Nowy termin wyznaczono na \u015brod\u0119, 12\nsierpnia. Mecz ma si\u0119 rozpocz\u0105\u0107 o godz. 20:30. \n<\/p>\n\n\n\n<p>Kolejne spotkanie w PGE Ekstralidze cz\u0119stochowscy \u017cu\u017clowcy maj\u0105 zaplanowane ju\u017c w najbli\u017cszy pi\u0105tek. 7 sierpnia podopieczni trenera <strong>Marka Cie\u015blaka<\/strong> maj\u0105 podejmowa\u0107 wicelidera PGE Ekstraligi RM Solar Falubaz Zielona G\u00f3ra.  <\/p>\n","protected":false},"excerpt":{"rendered":"<p>Eltrox W\u0142\u00f3kniarz ma w tym sezonie pecha do mecz\u00f3w z Fogo Uni\u0105 Leszno. Zaplanowane na wtorek, 4 sierpnia spotkanie po raz drugi zosta\u0142o prze\u0142o\u017cone.<\/p>\n","protected":false},"author":15,"featured_media":17033,"comment_status":"open","ping_status":"open","sticky":false,"template":"","format":"standard","meta":{"_monsterinsights_skip_tracking":false,"_monsterinsights_sitenote_active":false,"_monsterinsights_sitenote_note":"","_monsterinsights_sitenote_category":0,"_uf_show_specific_survey":0,"_uf_disable_surveys":false,"footnotes":""},"categories":[5,3,2,7],"tags":[102],"class_list":["post-17753","post","type-post","status-publish","format-standard","has-post-thumbnail","hentry","category-sport","category-czestochowa-informacje","category-wiadomosci","category-zuzel","tag-zuzel"],"_links":{"self":[{"href":"https:\/\/gazetaregionalna.com\/index.php?rest_route=\/wp\/v2\/posts\/17753","targetHints":{"allow":["GET"]}}],"collection":[{"href":"https:\/\/gazetaregionalna.com\/index.php?rest_route=\/wp\/v2\/posts"}],"about":[{"href":"https:\/\/gazetaregionalna.com\/index.php?rest_route=\/wp\/v2\/types\/post"}],"author":[{"embeddable":true,"href":"https:\/\/gazetaregionalna.com\/index.php?rest_route=\/wp\/v2\/users\/15"}],"replies":[{"embeddable":true,"href":"https:\/\/gazetaregionalna.com\/index.php?rest_route=%2Fwp%2Fv2%2Fcomments&post=17753"}],"version-history":[{"count":2,"href":"https:\/\/gazetaregionalna.com\/index.php?rest_route=\/wp\/v2\/posts\/17753\/revisions"}],"predecessor-version":[{"id":17758,"href":"https:\/\/gazetaregionalna.com\/index.php?rest_route=\/wp\/v2\/posts\/17753\/revisions\/17758"}],"wp:featuredmedia":[{"embeddable":true,"href":"https:\/\/gazetaregionalna.com\/index.php?rest_route=\/wp\/v2\/media\/17033"}],"wp:attachment":[{"href":"https:\/\/gazetaregionalna.com\/index.php?rest_route=%2Fwp%2Fv2%2Fmedia&parent=17753"}],"wp:term":[{"taxonomy":"category","embeddable":true,"href":"https:\/\/gazetaregionalna.com\/index.php?rest_route=%2Fwp%2Fv2%2Fcategories&post=17753"},{"taxonomy":"post_tag","embeddable":true,"href":"https:\/\/gazetaregionalna.com\/index.php?rest_route=%2Fwp%2Fv2%2Ftags&post=17753"}],"curies":[{"name":"wp","href":"https:\/\/api.w.org\/{rel}","templated":true}]}}