{"id":1775,"date":"2019-01-24T13:18:41","date_gmt":"2019-01-24T13:18:41","guid":{"rendered":"http:\/\/gazetaregionalna.com\/?p=1775"},"modified":"2019-01-24T13:18:41","modified_gmt":"2019-01-24T13:18:41","slug":"akademia-menadzera-innowacji-zaproszenie","status":"publish","type":"post","link":"https:\/\/gazetaregionalna.com\/?p=1775","title":{"rendered":"Akademia Menad\u017cera Innowacji \u2013 zaproszenie"},"content":{"rendered":"<p>&nbsp;<\/p>\n<p><span style=\"font-family: Times New Roman, serif;\">Polska Agencja Rozwoju Przedsi\u0119biorczo\u015bci zaprasza do udzia\u0142u w pilota\u017cowej edycji nowatorskiego programu Akademia Menad\u017cera Innowacji.<\/span><\/p>\n<p><span style=\"font-family: Times New Roman, serif;\">Akademia Menad\u017cera Innowacji (AMI) to autorski program doradczo-szkoleniowy, skoncentrowany na nabyciu przez firm\u0119 i jej menad\u017cer\u00f3w kluczowych kompetencji niezb\u0119dnych do rozwoju i wdra\u017cania innowacji. AMI to szansa na nowoczesno\u015b\u0107 i wzrost rentowno\u015bci firmy. AMI oferuje pakiet ukierunkowanych dzia\u0142a\u0144, kt\u00f3rych efektem b\u0119d\u0105 m.in. poprawa efektywno\u015bci pracy oraz wzmacnianie przewagi konkurencyjnej na rynku.<\/span><\/p>\n<p><span style=\"font-family: Times New Roman, serif;\">Oferta AMI sk\u0142ada\u0107 si\u0119 b\u0119dzie z panelu szkoleniowego oraz panelu doradczego. Etap szkoleniowy realizowany b\u0119dzie w formule cyklicznych zjazd\u00f3w, w ramach kt\u00f3rych zostan\u0105 przeprowadzone wyk\u0142ady i blok uzupe\u0142niaj\u0105cych je warsztat\u00f3w tematycznych. Etap doradztwa w wymiarze 170 godzin b\u0119dzie wdra\u017cany bezpo\u015brednio w firmie podczas ca\u0142ego programu AMI. Rezultatem udzia\u0142u w AMI w odniesieniu do pracownik\u00f3w b\u0119dzie wyposa\u017cenie ich w kompetencje niezb\u0119dne do zarz\u0105dzania procesem zmian prowadz\u0105cym do wdra\u017cania innowacji oraz wzmocnienie umiej\u0119tno\u015bci zarz\u0105dzania procesem innowacyjnym, a tak\u017ce generowanie innowacji przez pracownik\u00f3w przedsi\u0119biorstwa. Przedsi\u0119biorstwo otrzyma Plan Wdro\u017cenia Zmiany, stworzony przez pracownik\u00f3w uczestnicz\u0105cych w AMI i opracowany we wsp\u00f3\u0142pracy z dedykowanym doradc\u0105.<\/span><\/p>\n<p><span style=\"font-family: Times New Roman, serif;\">Zakres etapu szkoleniowego b\u0119dzie obejmowa\u0107 sze\u015b\u0107 obszar\u00f3w tematycznych opartych na narz\u0119dziu diagnostycznym Innovation Health Check s\u0142u\u017c\u0105cym do badania poziomu innowacyjno\u015bci firmy: Kultura innowacyjno\u015bci, zrozumienie biznesu, strategia, struktura organizacyjna, potencja\u0142 i zasoby, procesy.<\/span><\/p>\n<p><span style=\"font-family: Times New Roman, serif;\">Edycja pilota\u017cowa AMI w cz\u0119\u015bci szkoleniowej to \u0142\u0105cznie dziewi\u0119\u0107 2-dniowych zjazd\u00f3w (w pi\u0105tek i sobot\u0119) realizowanych od marca 2019 r. do pa\u017adziernika 2019 r., w cz\u0119\u015bci doradczej praca w firmie z udzia\u0142em doradcy pomi\u0119dzy poszczeg\u00f3lnymi zjazdami.<\/span><\/p>\n<p><span style=\"font-family: Times New Roman, serif;\">Prowadz\u0105cymi zaj\u0119cia oraz warsztaty b\u0119d\u0105 wybitni praktycy \u2013 eksperci, reprezentuj\u0105cy najwy\u017cszy poziom dydaktyczny w ka\u017cdym z wymienionych obszar\u00f3w tematycznych. Wyk\u0142ad otwarcia oraz zamkni\u0119cie programu poprowadzi uznany mi\u0119dzynarodowy autorytet w dziedzinie innowacji.<\/span><\/p>\n<p><span style=\"font-family: Times New Roman, serif;\">AMI to szansa na zaplanowanie rozwoju firmy w celu powi\u0119kszania zysk\u00f3w. To pierwszy autorski program doradczo-szkoleniowy w Polsce, wsp\u00f3\u0142finansowany ze \u015brodk\u00f3w unijnych w wysoko\u015bci 80% dla ma\u0142ych i \u015brednich przedsi\u0119biorstw, i 50 % w przypadku przedsi\u0119biorstw du\u017cych.<\/span><\/p>\n<p><span style=\"font-family: Times New Roman, serif;\">Ka\u017cda z uczestnicz\u0105cych w programie firm deleguje do procesu doradczo-szkoleniowego trzech pracownik\u00f3w, kt\u00f3rzy maj\u0105 realny wp\u0142yw na decyzje podejmowane w przedsi\u0119biorstwie. Wysoko\u015b\u0107 wk\u0142adu w\u0142asnego z tytu\u0142u udzia\u0142u trzech os\u00f3b delegowanych z firmy wynosi ok. 19 200 z\u0142 netto dla ma\u0142ych i \u015brednich przedsi\u0119biorstw oraz ok. 48 000 z\u0142 netto w przypadku du\u017cych.<\/span><\/p>\n<p><span style=\"font-family: Times New Roman, serif;\">Liczba miejsc w I edycji pilota\u017cowej jest ograniczona!<\/span><\/p>\n<p><span style=\"font-family: Times New Roman, serif;\">(UG K\u0142obuck)<\/span><\/p>\n","protected":false},"excerpt":{"rendered":"<p>&nbsp; Polska Agencja Rozwoju Przedsi\u0119biorczo\u015bci zaprasza do udzia\u0142u w pilota\u017cowej edycji nowatorskiego programu Akademia Menad\u017cera Innowacji. Akademia Menad\u017cera Innowacji (AMI) to autorski program doradczo-szkoleniowy,<\/p>\n","protected":false},"author":3,"featured_media":0,"comment_status":"open","ping_status":"closed","sticky":false,"template":"","format":"standard","meta":{"_monsterinsights_skip_tracking":false,"_monsterinsights_sitenote_active":false,"_monsterinsights_sitenote_note":"","_monsterinsights_sitenote_category":0,"_uf_show_specific_survey":0,"_uf_disable_surveys":false,"footnotes":""},"categories":[43,42,27,2],"tags":[],"class_list":["post-1775","post","type-post","status-publish","format-standard","hentry","category-biznes","category-finanse","category-klobuck-informacje","category-wiadomosci"],"_links":{"self":[{"href":"https:\/\/gazetaregionalna.com\/index.php?rest_route=\/wp\/v2\/posts\/1775","targetHints":{"allow":["GET"]}}],"collection":[{"href":"https:\/\/gazetaregionalna.com\/index.php?rest_route=\/wp\/v2\/posts"}],"about":[{"href":"https:\/\/gazetaregionalna.com\/index.php?rest_route=\/wp\/v2\/types\/post"}],"author":[{"embeddable":true,"href":"https:\/\/gazetaregionalna.com\/index.php?rest_route=\/wp\/v2\/users\/3"}],"replies":[{"embeddable":true,"href":"https:\/\/gazetaregionalna.com\/index.php?rest_route=%2Fwp%2Fv2%2Fcomments&post=1775"}],"version-history":[{"count":1,"href":"https:\/\/gazetaregionalna.com\/index.php?rest_route=\/wp\/v2\/posts\/1775\/revisions"}],"predecessor-version":[{"id":1776,"href":"https:\/\/gazetaregionalna.com\/index.php?rest_route=\/wp\/v2\/posts\/1775\/revisions\/1776"}],"wp:attachment":[{"href":"https:\/\/gazetaregionalna.com\/index.php?rest_route=%2Fwp%2Fv2%2Fmedia&parent=1775"}],"wp:term":[{"taxonomy":"category","embeddable":true,"href":"https:\/\/gazetaregionalna.com\/index.php?rest_route=%2Fwp%2Fv2%2Fcategories&post=1775"},{"taxonomy":"post_tag","embeddable":true,"href":"https:\/\/gazetaregionalna.com\/index.php?rest_route=%2Fwp%2Fv2%2Ftags&post=1775"}],"curies":[{"name":"wp","href":"https:\/\/api.w.org\/{rel}","templated":true}]}}