{"id":17733,"date":"2020-08-03T12:42:17","date_gmt":"2020-08-03T12:42:17","guid":{"rendered":"https:\/\/gazetaregionalna.com\/?p=17733"},"modified":"2020-08-06T10:33:59","modified_gmt":"2020-08-06T10:33:59","slug":"2-lata-za-zabicie-npsa","status":"publish","type":"post","link":"https:\/\/gazetaregionalna.com\/?p=17733","title":{"rendered":"W bestialski spos\u00f3b zabi\u0142 psa, s\u0105d skaza\u0142 go na 2 lata wi\u0119zienia"},"content":{"rendered":"\n<h2 class=\"wp-block-heading\">W bestialski spos\u00f3b zabi\u0142 psa, s\u0105d skaza\u0142 go na 2 lata wi\u0119zienia.<\/h2>\n\n\n\n<p><br>Na dwa lata wi\u0119zienia i 15-letni zakaz posiadania zwierz\u0105t  S\u0105d Rejonowy w Myszkowie  skaza\u0142  Rafa\u0142a B., kt\u00f3ry w czerwcu 2019 roku jecha\u0142 samochodem s\u0142u\u017cbowym i w miejscowo\u015bci Zawadka w powiecie zawiercia\u0144skim najecha\u0142 celowo na psa. M\u0119\u017cczyzna umy\u015blnie skrzywdzi\u0142 zwierz\u0119, dwukrotnie po nim przeje\u017cd\u017caj\u0105c, a ca\u0142e zdarzenia nagra\u0142 i film z tego bestialskiego czynu umie\u015bci\u0142 w internecie.<\/p>\n\n\n\n<p>S\u0105d Rejonowy w Myszkowie nakaza\u0142 Rafa\u0142owi B. ponadto wp\u0142acenie nawi\u0105zki  w wysoko\u015bci 11 tysi\u0119cy z\u0142otych na rzecz fundacji Ole\u015bnickie Bidy, a tak\u017ce pokrycie koszt\u00f3w s\u0105dowych w kwocie ok. 22 tysi\u0119cy z\u0142otych.<br>To drugie orzeczenie w tej sprawie. Za pierwszym podej\u015bciem do ukarania Rafa\u0142a B, m\u0119\u017cczyzna nie zosta\u0142 skazany na pozbawienie wolno\u015bci. Tamta decyzja wzbudzi\u0142a sprzeciw i liczne protesty organizacji broni\u0105cych praw zwierz\u0105t z ca\u0142ego kraju,<\/p>\n\n\n\n<p><br>Wyrok myszkowskiego s\u0105du nie jest prawomocny. Obu stronom przys\u0142uguje od niego odwo\u0142anie. <\/p>\n\n\n\n<p>Fot. Pogotowie dla  zwierz\u0105t<\/p>\n","protected":false},"excerpt":{"rendered":"<p>W bestialski spos\u00f3b zabi\u0142 psa, s\u0105d skaza\u0142 go na 2 lata wi\u0119zienia. Na dwa lata wi\u0119zienia i 15-letni zakaz posiadania zwierz\u0105t S\u0105d Rejonowy w<\/p>\n","protected":false},"author":7,"featured_media":17735,"comment_status":"open","ping_status":"open","sticky":false,"template":"","format":"standard","meta":{"_monsterinsights_skip_tracking":false,"_monsterinsights_sitenote_active":false,"_monsterinsights_sitenote_note":"","_monsterinsights_sitenote_category":0,"_uf_show_specific_survey":0,"_uf_disable_surveys":false,"footnotes":""},"categories":[94,26,2],"tags":[],"class_list":["post-17733","post","type-post","status-publish","format-standard","has-post-thumbnail","hentry","category-polecane","category-myszkow","category-wiadomosci"],"_links":{"self":[{"href":"https:\/\/gazetaregionalna.com\/index.php?rest_route=\/wp\/v2\/posts\/17733","targetHints":{"allow":["GET"]}}],"collection":[{"href":"https:\/\/gazetaregionalna.com\/index.php?rest_route=\/wp\/v2\/posts"}],"about":[{"href":"https:\/\/gazetaregionalna.com\/index.php?rest_route=\/wp\/v2\/types\/post"}],"author":[{"embeddable":true,"href":"https:\/\/gazetaregionalna.com\/index.php?rest_route=\/wp\/v2\/users\/7"}],"replies":[{"embeddable":true,"href":"https:\/\/gazetaregionalna.com\/index.php?rest_route=%2Fwp%2Fv2%2Fcomments&post=17733"}],"version-history":[{"count":4,"href":"https:\/\/gazetaregionalna.com\/index.php?rest_route=\/wp\/v2\/posts\/17733\/revisions"}],"predecessor-version":[{"id":17827,"href":"https:\/\/gazetaregionalna.com\/index.php?rest_route=\/wp\/v2\/posts\/17733\/revisions\/17827"}],"wp:featuredmedia":[{"embeddable":true,"href":"https:\/\/gazetaregionalna.com\/index.php?rest_route=\/wp\/v2\/media\/17735"}],"wp:attachment":[{"href":"https:\/\/gazetaregionalna.com\/index.php?rest_route=%2Fwp%2Fv2%2Fmedia&parent=17733"}],"wp:term":[{"taxonomy":"category","embeddable":true,"href":"https:\/\/gazetaregionalna.com\/index.php?rest_route=%2Fwp%2Fv2%2Fcategories&post=17733"},{"taxonomy":"post_tag","embeddable":true,"href":"https:\/\/gazetaregionalna.com\/index.php?rest_route=%2Fwp%2Fv2%2Ftags&post=17733"}],"curies":[{"name":"wp","href":"https:\/\/api.w.org\/{rel}","templated":true}]}}