{"id":177,"date":"2018-08-23T10:12:40","date_gmt":"2018-08-23T10:12:40","guid":{"rendered":"http:\/\/gazetaregionalna.com\/?p=177"},"modified":"2018-08-23T10:12:40","modified_gmt":"2018-08-23T10:12:40","slug":"pomoc-dla-rolnikow-po-wielkiej-suszy","status":"publish","type":"post","link":"https:\/\/gazetaregionalna.com\/?p=177","title":{"rendered":"Pomoc dla rolnik\u00f3w po wielkiej suszy"},"content":{"rendered":"<p>&nbsp;<\/p>\n<p>Straty spowodowane susz\u0105 rolnicy odczuwaj\u0105 do tej pory.. Rz\u0105d przeznaczy\u0142 na pomoc dla rolnik\u00f3w blisko 800 milion\u00f3w z\u0142otych. Rolnicy, kt\u00f3rzy maj\u0105 oszacowane szkody, mog\u0105 ubiega\u0107 si\u0119 o pomoc w formie dotacji.<\/p>\n<p><b>Warunki uzyskania pomocy<\/b><\/p>\n<p>W powiatowych biurach Agencji Restrukturyzacji i Modernizacji Rolnictwa o pomoc w formie dotacji na powierzchni\u0119 upraw, w kt\u00f3rych szkody wynosz\u0105 co najmniej 30 proc., mog\u0105 si\u0119 ubiega\u0107 poszkodowani przez susz\u0119 rolnicy. Zgodnie z rozporz\u0105dzeniem Rady Ministr\u00f3w z dnia 31 lipca 2018 r. (<span style=\"color: #000000;\"><span style=\"font-family: titilliumregular;\"><span style=\"font-size: medium;\">z<\/span><\/span><\/span>mieniaj\u0105cym rozporz\u0105dzenie ws. szczeg\u00f3\u0142owego zakresu i sposob\u00f3w realizacji niekt\u00f3rych zada\u0144 ARiMR) dotacja taka b\u0119dzie udzielana w przypadku, gdy szkody spowodowane tegoroczn\u0105 susz\u0105 lub powodzi\u0105, oszacowane zosta\u0142y przez komisj\u0119 i wynosz\u0105 pond 30 procent \u015bredniej rocznej produkcji rolnej w gospodarstwie rolnym lub \u015bredniej rocznej produkcji ro\u015blinnej w gospodarstwie rolnym.<\/p>\n<p>Wed\u0142ug najnowszych danych <strong>susza rolnicza wyst\u0119puje na obszarze ca\u0142ej Polski \u2013 w 82,97 proc. gmin kraju na powierzchni 63,14 proc. grunt\u00f3w ornych. <\/strong>Ponadto, na po\u0142udniu Polski wyst\u0105pi\u0142a pow\u00f3d\u017a, kt\u00f3ra zniszczy\u0142a m.in. uprawy rolne.<\/p>\n<p><img decoding=\"async\" class=\"size-medium wp-image-179 alignleft lazyload\" data-src=\"http:\/\/gazetaregionalna.com\/wp-content\/uploads\/2018\/08\/susza-300x200.jpg\" alt=\"\" width=\"300\" height=\"200\" src=\"data:image\/svg+xml;base64,PHN2ZyB3aWR0aD0iMSIgaGVpZ2h0PSIxIiB4bWxucz0iaHR0cDovL3d3dy53My5vcmcvMjAwMC9zdmciPjwvc3ZnPg==\" style=\"--smush-placeholder-width: 300px; --smush-placeholder-aspect-ratio: 300\/200;\"><\/p>\n<p><b>Formy pomocy<\/b><\/p>\n<p>Pomoc dla poszkodowanych przez susz\u0119 i powodzie b\u0119dzie mo\u017cliwa w kilku formach. Jest to dotacja dla producent\u00f3w rolnych, kt\u00f3rzy ponie\u015bli szkody w uprawach rolnych spowodowane wyst\u0105pieniem w 2018 r. suszy lub powodzi, dla p\u0142atnik\u00f3w podatku rolnego, kt\u00f3rzy w 2018 r. prowadzili ch\u00f3w lub hodowl\u0119 ryb s\u0142odkowodnych w stawach rybnych po\u0142o\u017conych na obszarze gmin, w kt\u00f3rych wyst\u0105pi\u0142a susza lub pow\u00f3d\u017a w rozumieniu przepis\u00f3w o ubezpieczeniach upraw rolnych i zwierz\u0105t gospodarskich oraz sp\u0142aty przez Agencj\u0119 Restrukturyzacji i Modernizacji Rolnictwa na rzecz bank\u00f3w pe\u0142nego oprocentowania (przez okres nie d\u0142u\u017cszy ni\u017c 2 lata) w przypadku zawieszenia przez nie sp\u0142aty preferencyjnych kredyt\u00f3w z dop\u0142atami do oprocentowania ze \u015brodk\u00f3w ARiMR (chodzi o producent\u00f3w rolnych, kt\u00f3rzy ponie\u015bli szkody w uprawach rolnych spowodowane wyst\u0105pieniem w 2018 r. suszy lub powodzi).<\/p>\n<p><strong>Na realizacj\u0119 programu w 2018 r. rz\u0105d przeznaczy z bud\u017cetu pa\u0144stwa 799,5 mln z\u0142.<\/strong><\/p>\n","protected":false},"excerpt":{"rendered":"<p>&nbsp; Straty spowodowane susz\u0105 rolnicy odczuwaj\u0105 do tej pory.. Rz\u0105d przeznaczy\u0142 na pomoc dla rolnik\u00f3w blisko 800 milion\u00f3w z\u0142otych. Rolnicy, kt\u00f3rzy maj\u0105 oszacowane szkody,<\/p>\n","protected":false},"author":3,"featured_media":0,"comment_status":"open","ping_status":"closed","sticky":false,"template":"","format":"standard","meta":{"_monsterinsights_skip_tracking":false,"_monsterinsights_sitenote_active":false,"_monsterinsights_sitenote_note":"","_monsterinsights_sitenote_category":0,"_uf_show_specific_survey":0,"_uf_disable_surveys":false,"footnotes":""},"categories":[4,2],"tags":[],"class_list":["post-177","post","type-post","status-publish","format-standard","hentry","category-region","category-wiadomosci"],"_links":{"self":[{"href":"https:\/\/gazetaregionalna.com\/index.php?rest_route=\/wp\/v2\/posts\/177","targetHints":{"allow":["GET"]}}],"collection":[{"href":"https:\/\/gazetaregionalna.com\/index.php?rest_route=\/wp\/v2\/posts"}],"about":[{"href":"https:\/\/gazetaregionalna.com\/index.php?rest_route=\/wp\/v2\/types\/post"}],"author":[{"embeddable":true,"href":"https:\/\/gazetaregionalna.com\/index.php?rest_route=\/wp\/v2\/users\/3"}],"replies":[{"embeddable":true,"href":"https:\/\/gazetaregionalna.com\/index.php?rest_route=%2Fwp%2Fv2%2Fcomments&post=177"}],"version-history":[{"count":1,"href":"https:\/\/gazetaregionalna.com\/index.php?rest_route=\/wp\/v2\/posts\/177\/revisions"}],"predecessor-version":[{"id":180,"href":"https:\/\/gazetaregionalna.com\/index.php?rest_route=\/wp\/v2\/posts\/177\/revisions\/180"}],"wp:attachment":[{"href":"https:\/\/gazetaregionalna.com\/index.php?rest_route=%2Fwp%2Fv2%2Fmedia&parent=177"}],"wp:term":[{"taxonomy":"category","embeddable":true,"href":"https:\/\/gazetaregionalna.com\/index.php?rest_route=%2Fwp%2Fv2%2Fcategories&post=177"},{"taxonomy":"post_tag","embeddable":true,"href":"https:\/\/gazetaregionalna.com\/index.php?rest_route=%2Fwp%2Fv2%2Ftags&post=177"}],"curies":[{"name":"wp","href":"https:\/\/api.w.org\/{rel}","templated":true}]}}