{"id":17521,"date":"2020-07-31T08:55:26","date_gmt":"2020-07-31T08:55:26","guid":{"rendered":"https:\/\/gazetaregionalna.com\/?p=17521"},"modified":"2020-07-31T08:55:28","modified_gmt":"2020-07-31T08:55:28","slug":"badanie-mammograficzne-2","status":"publish","type":"post","link":"https:\/\/gazetaregionalna.com\/?p=17521","title":{"rendered":"Bezp\u0142atne badanie mammograficzne w Cz\u0119stochowie"},"content":{"rendered":"\n<h2 class=\"wp-block-heading\">Powracaj\u0105 bezp\u0142atne badania mammograficzne\nprzeprowadzane przez grup\u0119 LUX MED, kt\u00f3re s\u0105 finansowane przez NFZ, w ramach\nProgramu Profilaktyki Raka Piersi.<\/h2>\n\n\n\n<p>Badania b\u0119d\u0105 przeprowadzane w mobilnych\npracowniach mammograficznych z zachowaniem wszelkich \u015brodk\u00f3w ostro\u017cno\u015bci w\nzakresie wyposa\u017cenia technik\u00f3w, dezynfekcji pracowni i aparatury diagnostycznej,\noraz obs\u0142ugi pacjent\u00f3w.<\/p>\n\n\n\n<p>Tylko trzy Panie na raz b\u0119d\u0105 mog\u0142y przebywa\u0107 w\nbusie, daje to mo\u017cliwo\u015b\u0107 dystansu 2 metr\u00f3w. Przed badaniem pracownicy zmierz\u0105\ntemperatur\u0119 pacjentkom oraz poprosz\u0105 o wype\u0142nienie ankiety. Maseczka lub\nprzy\u0142bica obowi\u0105zkowa.<\/p>\n\n\n\n<p>W badaniu mog\u0105 wzi\u0105\u0107 udzia\u0142 Panie w wieku 50-69\nlat, kt\u00f3re:<\/p>\n\n\n\n<ul class=\"wp-block-list\"><li>S\u0105 ubezpieczone;<\/li><li>Nie s\u0105 leczone z powodu raka\npiersi;<\/li><li>Nie mia\u0142y wykonanej mammografii w ramach Programu w\nci\u0105gu ostatnich 24 miesi\u0119cy&nbsp;;<\/li><li>S\u0105 w grupie ryzyka i w roku poprzedzaj\u0105cym otrzyma\u0142y\npisemne wskazanie do wykonania ponownej mammografii po up\u0142ywie 12 miesi\u0119cy.<\/li><\/ul>\n\n\n\n<p>Mobilna pracownia mammograficzna LUX MED b\u0119dzie do dyspozycji Pa\u0144 na ul. Focha, obok\nmarketu Auchan:<\/p>\n\n\n\n<ul class=\"wp-block-list\"><li>22 sierpnia od godz. 10.00-17.00;<\/li><li>27 sierpnia od godz. 9.30-18.30.<\/li><\/ul>\n\n\n\n<p>Na badanie trzeba si\u0119 wcze\u015bniej zarejestrowa\u0107 pod nr tel. 58 666 24 44 lub\nna stronie <a href=\"http:\/\/www.mammo.pl\/formularz\" target=\"_blank\" rel=\"noopener\">http:\/\/www.mammo.pl\/formularz<\/a>. Do\nrejestracji b\u0119dzie potrzebny dow\u00f3d osobisty, a na sam\u0105 ju\u017c kontrol\u0119 poprzednie\nzdj\u0119cia mammograficzne. Skierowanie nie jest wymagane.<\/p>\n\n\n\n<p>Pami\u0119tajmy drogie Panie, systematyczne i dok\u0142adne badanie mo\u017ce w zdecydowany spos\u00f3b przyczyni\u0107\nsi\u0119 do wykrycia nowotworu na wczesnym etapie rozwoju, a co za tym idzie szybkie\npodjecie leczenia.<\/p>\n\n\n\n<p>(\u0179r\u00f3d\u0142o: UM\nCz\u0119stochowa)<\/p>\n","protected":false},"excerpt":{"rendered":"<p>Powracaj\u0105 bezp\u0142atne badania mammograficzne przeprowadzane przez grup\u0119 LUX MED, kt\u00f3re s\u0105 finansowane przez NFZ, w ramach Programu Profilaktyki Raka Piersi. Badania b\u0119d\u0105 przeprowadzane w<\/p>\n","protected":false},"author":12,"featured_media":15227,"comment_status":"open","ping_status":"open","sticky":false,"template":"","format":"standard","meta":{"_monsterinsights_skip_tracking":false,"_monsterinsights_sitenote_active":false,"_monsterinsights_sitenote_note":"","_monsterinsights_sitenote_category":0,"_uf_show_specific_survey":0,"_uf_disable_surveys":false,"footnotes":""},"categories":[94,3,2,37],"tags":[],"class_list":["post-17521","post","type-post","status-publish","format-standard","has-post-thumbnail","hentry","category-polecane","category-czestochowa-informacje","category-wiadomosci","category-zdrowie"],"_links":{"self":[{"href":"https:\/\/gazetaregionalna.com\/index.php?rest_route=\/wp\/v2\/posts\/17521","targetHints":{"allow":["GET"]}}],"collection":[{"href":"https:\/\/gazetaregionalna.com\/index.php?rest_route=\/wp\/v2\/posts"}],"about":[{"href":"https:\/\/gazetaregionalna.com\/index.php?rest_route=\/wp\/v2\/types\/post"}],"author":[{"embeddable":true,"href":"https:\/\/gazetaregionalna.com\/index.php?rest_route=\/wp\/v2\/users\/12"}],"replies":[{"embeddable":true,"href":"https:\/\/gazetaregionalna.com\/index.php?rest_route=%2Fwp%2Fv2%2Fcomments&post=17521"}],"version-history":[{"count":2,"href":"https:\/\/gazetaregionalna.com\/index.php?rest_route=\/wp\/v2\/posts\/17521\/revisions"}],"predecessor-version":[{"id":27463,"href":"https:\/\/gazetaregionalna.com\/index.php?rest_route=\/wp\/v2\/posts\/17521\/revisions\/27463"}],"wp:featuredmedia":[{"embeddable":true,"href":"https:\/\/gazetaregionalna.com\/index.php?rest_route=\/wp\/v2\/media\/15227"}],"wp:attachment":[{"href":"https:\/\/gazetaregionalna.com\/index.php?rest_route=%2Fwp%2Fv2%2Fmedia&parent=17521"}],"wp:term":[{"taxonomy":"category","embeddable":true,"href":"https:\/\/gazetaregionalna.com\/index.php?rest_route=%2Fwp%2Fv2%2Fcategories&post=17521"},{"taxonomy":"post_tag","embeddable":true,"href":"https:\/\/gazetaregionalna.com\/index.php?rest_route=%2Fwp%2Fv2%2Ftags&post=17521"}],"curies":[{"name":"wp","href":"https:\/\/api.w.org\/{rel}","templated":true}]}}