{"id":172,"date":"2018-08-23T09:09:11","date_gmt":"2018-08-23T09:09:11","guid":{"rendered":"http:\/\/gazetaregionalna.com\/?p=172"},"modified":"2018-08-23T09:09:11","modified_gmt":"2018-08-23T09:09:11","slug":"gratka-dla-fanow-planszowek","status":"publish","type":"post","link":"https:\/\/gazetaregionalna.com\/?p=172","title":{"rendered":"Gratka dla fan\u00f3w plansz\u00f3wek"},"content":{"rendered":"<p>&nbsp;<\/p>\n<p>W Miejskim O\u015brodku Kultury w K\u0142obucku 9 wrze\u015bnia br., odb\u0119d\u0105 si\u0119 eliminacje do VIII Mistrzostw Polski w Gr\u0119 Planszow\u0105 \u201eCARCASSONNE\u201d<\/p>\n<p>Od godziny 10:00 w MOK-u b\u0119dzie mo\u017cna zmierzy\u0107 si\u0119 z innymi fanami plansz\u00f3wek. Laureaci trzech pierwszych miejsc otrzymaj\u0105 nagrody rzeczowe od firmy \u201eBARD\u201d, kt\u00f3ra jest sponsorem ca\u0142ego wydarzenia. Co wa\u017cniejsze, uzyskaj\u0105 oni prawo do udzia\u0142u w fina\u0142owym turnieju Mistrzostw Polski.<\/p>\n<p>Zapisywa\u0107 mo\u017cna si\u0119 w dniu zawod\u00f3w bezpo\u015brednio przed rozpocz\u0119ciem eliminacji \u2013 do godziny 9:50.<\/p>\n","protected":false},"excerpt":{"rendered":"<p>&nbsp; W Miejskim O\u015brodku Kultury w K\u0142obucku 9 wrze\u015bnia br., odb\u0119d\u0105 si\u0119 eliminacje do VIII Mistrzostw Polski w Gr\u0119 Planszow\u0105 \u201eCARCASSONNE\u201d Od godziny 10:00<\/p>\n","protected":false},"author":3,"featured_media":0,"comment_status":"open","ping_status":"closed","sticky":false,"template":"","format":"standard","meta":{"_monsterinsights_skip_tracking":false,"_monsterinsights_sitenote_active":false,"_monsterinsights_sitenote_note":"","_monsterinsights_sitenote_category":0,"_uf_show_specific_survey":0,"_uf_disable_surveys":false,"footnotes":""},"categories":[12,4,2,13],"tags":[],"class_list":["post-172","post","type-post","status-publish","format-standard","hentry","category-kultura-i-rozrywka","category-region","category-wiadomosci","category-wydarzenia"],"_links":{"self":[{"href":"https:\/\/gazetaregionalna.com\/index.php?rest_route=\/wp\/v2\/posts\/172","targetHints":{"allow":["GET"]}}],"collection":[{"href":"https:\/\/gazetaregionalna.com\/index.php?rest_route=\/wp\/v2\/posts"}],"about":[{"href":"https:\/\/gazetaregionalna.com\/index.php?rest_route=\/wp\/v2\/types\/post"}],"author":[{"embeddable":true,"href":"https:\/\/gazetaregionalna.com\/index.php?rest_route=\/wp\/v2\/users\/3"}],"replies":[{"embeddable":true,"href":"https:\/\/gazetaregionalna.com\/index.php?rest_route=%2Fwp%2Fv2%2Fcomments&post=172"}],"version-history":[{"count":1,"href":"https:\/\/gazetaregionalna.com\/index.php?rest_route=\/wp\/v2\/posts\/172\/revisions"}],"predecessor-version":[{"id":175,"href":"https:\/\/gazetaregionalna.com\/index.php?rest_route=\/wp\/v2\/posts\/172\/revisions\/175"}],"wp:attachment":[{"href":"https:\/\/gazetaregionalna.com\/index.php?rest_route=%2Fwp%2Fv2%2Fmedia&parent=172"}],"wp:term":[{"taxonomy":"category","embeddable":true,"href":"https:\/\/gazetaregionalna.com\/index.php?rest_route=%2Fwp%2Fv2%2Fcategories&post=172"},{"taxonomy":"post_tag","embeddable":true,"href":"https:\/\/gazetaregionalna.com\/index.php?rest_route=%2Fwp%2Fv2%2Ftags&post=172"}],"curies":[{"name":"wp","href":"https:\/\/api.w.org\/{rel}","templated":true}]}}