{"id":17172,"date":"2020-07-28T12:34:16","date_gmt":"2020-07-28T12:34:16","guid":{"rendered":"https:\/\/gazetaregionalna.com\/?p=17172"},"modified":"2020-07-28T12:34:18","modified_gmt":"2020-07-28T12:34:18","slug":"kolejna-smiertelna-ofiara-wypadku-drogowego","status":"publish","type":"post","link":"https:\/\/gazetaregionalna.com\/?p=17172","title":{"rendered":"Kolejna \u015bmiertelna ofiara wypadku drogowego"},"content":{"rendered":"\n<h2 class=\"wp-block-heading\"> <br>Kolejna \u015bmiertelna ofiara wypadku drogowego.<\/h2>\n\n\n\n<p><br> Wczoraj p\u00f3\u017anym wieczorem na\u00a0DK-1 zgin\u0105\u0142 43-letni m\u0119\u017cczyzna.<br> Policjanci z wydzia\u0142u ruchu drogowego Komendy Miejskiej Policji w Cz\u0119stochowie wyja\u015bniaj\u0105 okoliczno\u015bci wypadku, do jakiego dosz\u0142o na cz\u0119stochowskim odcinku trasy. Na audi stoj\u0105ce przed skrzy\u017cowaniem z ul. Po\u0142anieck\u0105 najecha\u0142 opel. W wyniku zderzenia kieruj\u0105cy audi &#8211; 43-letni mieszkaniec powiatu cz\u0119stochowskiego-zgin\u0105\u0142 na miejscu.<\/p>\n\n\n\n<figure class=\"wp-block-image size-large\"><img decoding=\"async\" width=\"970\" height=\"621\" data-src=\"https:\/\/gazetaregionalna.com\/wp-content\/uploads\/2020\/07\/wyp1.jpg\" alt=\"\" class=\"wp-image-17174 lazyload\" data-srcset=\"https:\/\/gazetaregionalna.com\/wp-content\/uploads\/2020\/07\/wyp1.jpg 970w, https:\/\/gazetaregionalna.com\/wp-content\/uploads\/2020\/07\/wyp1-300x192.jpg 300w, https:\/\/gazetaregionalna.com\/wp-content\/uploads\/2020\/07\/wyp1-768x492.jpg 768w, https:\/\/gazetaregionalna.com\/wp-content\/uploads\/2020\/07\/wyp1-696x446.jpg 696w, https:\/\/gazetaregionalna.com\/wp-content\/uploads\/2020\/07\/wyp1-656x420.jpg 656w\" data-sizes=\"(max-width: 970px) 100vw, 970px\" src=\"data:image\/svg+xml;base64,PHN2ZyB3aWR0aD0iMSIgaGVpZ2h0PSIxIiB4bWxucz0iaHR0cDovL3d3dy53My5vcmcvMjAwMC9zdmciPjwvc3ZnPg==\" style=\"--smush-placeholder-width: 970px; --smush-placeholder-aspect-ratio: 970\/621;\" \/><\/figure>\n\n\n\n<p><br> Z nieznanych przyczyn kieruj\u0105cy oplem 37-letni mieszkaniec Warszawy najecha\u0142 na samoch\u00f3d 43-latka. Po wypadku kierowca opla wraz z pasa\u017cerk\u0105 oddalili si\u0119 z miejsca zdarzenia. Zostali szybko zatrzymani przez policj\u0119. Kieruj\u0105cy by\u0142 trze\u017awy, jednak okaza\u0142o si\u0119, \u017ce posiada zakaz prowadzenia wszelkich pojazd\u00f3w mechanicznych. Osoby mog\u0105ce udzieli\u0107 jakichkolwiek informacji o zaistnia\u0142ym zdarzeniu lub mog\u0105ce pom\u00f3c w ustaleniu przebiegu zdarzenia, proszone s\u0105 o kontakt z Komend\u0105 Miejsk\u0105 Policji w Cz\u0119stochowie przy ul. Popie\u0142uszki 5, tel. 47 85 812 55 lub 997.<\/p>\n\n\n\n<p><br> 43-latek to ju\u017c 16\u00a0\u015bmiertelna\u00a0ofiara\u00a0na terenie powiatu cz\u0119stochowskiego w tym roku. Policja apeluje o ostro\u017cno\u015b\u0107.<br> (\u0179r\u00f3d\u0142o: KMP Cz\u0119stochowa)<br> <br> <br> <\/p>\n","protected":false},"excerpt":{"rendered":"<p>Kolejna \u015bmiertelna ofiara wypadku drogowego. Wczoraj p\u00f3\u017anym wieczorem na\u00a0DK-1 zgin\u0105\u0142 43-letni m\u0119\u017cczyzna. Policjanci z wydzia\u0142u ruchu drogowego Komendy Miejskiej Policji w Cz\u0119stochowie wyja\u015bniaj\u0105 okoliczno\u015bci<\/p>\n","protected":false},"author":7,"featured_media":17175,"comment_status":"open","ping_status":"open","sticky":false,"template":"","format":"standard","meta":{"_monsterinsights_skip_tracking":false,"_monsterinsights_sitenote_active":false,"_monsterinsights_sitenote_note":"","_monsterinsights_sitenote_category":0,"_uf_show_specific_survey":0,"_uf_disable_surveys":false,"footnotes":""},"categories":[94,3,2],"tags":[],"class_list":["post-17172","post","type-post","status-publish","format-standard","has-post-thumbnail","hentry","category-polecane","category-czestochowa-informacje","category-wiadomosci"],"_links":{"self":[{"href":"https:\/\/gazetaregionalna.com\/index.php?rest_route=\/wp\/v2\/posts\/17172","targetHints":{"allow":["GET"]}}],"collection":[{"href":"https:\/\/gazetaregionalna.com\/index.php?rest_route=\/wp\/v2\/posts"}],"about":[{"href":"https:\/\/gazetaregionalna.com\/index.php?rest_route=\/wp\/v2\/types\/post"}],"author":[{"embeddable":true,"href":"https:\/\/gazetaregionalna.com\/index.php?rest_route=\/wp\/v2\/users\/7"}],"replies":[{"embeddable":true,"href":"https:\/\/gazetaregionalna.com\/index.php?rest_route=%2Fwp%2Fv2%2Fcomments&post=17172"}],"version-history":[{"count":2,"href":"https:\/\/gazetaregionalna.com\/index.php?rest_route=\/wp\/v2\/posts\/17172\/revisions"}],"predecessor-version":[{"id":17176,"href":"https:\/\/gazetaregionalna.com\/index.php?rest_route=\/wp\/v2\/posts\/17172\/revisions\/17176"}],"wp:featuredmedia":[{"embeddable":true,"href":"https:\/\/gazetaregionalna.com\/index.php?rest_route=\/wp\/v2\/media\/17175"}],"wp:attachment":[{"href":"https:\/\/gazetaregionalna.com\/index.php?rest_route=%2Fwp%2Fv2%2Fmedia&parent=17172"}],"wp:term":[{"taxonomy":"category","embeddable":true,"href":"https:\/\/gazetaregionalna.com\/index.php?rest_route=%2Fwp%2Fv2%2Fcategories&post=17172"},{"taxonomy":"post_tag","embeddable":true,"href":"https:\/\/gazetaregionalna.com\/index.php?rest_route=%2Fwp%2Fv2%2Ftags&post=17172"}],"curies":[{"name":"wp","href":"https:\/\/api.w.org\/{rel}","templated":true}]}}