{"id":17163,"date":"2020-07-28T10:49:15","date_gmt":"2020-07-28T10:49:15","guid":{"rendered":"https:\/\/gazetaregionalna.com\/?p=17163"},"modified":"2020-07-28T10:53:58","modified_gmt":"2020-07-28T10:53:58","slug":"szkola-w-kusietach","status":"publish","type":"post","link":"https:\/\/gazetaregionalna.com\/?p=17163","title":{"rendered":"Szko\u0142a w Kusi\u0119tach z nowym parkingiem i zewn\u0119trzn\u0105 si\u0142owni\u0105"},"content":{"rendered":"\n<h2 class=\"wp-block-heading\">Przy Szkole Podstawowej w Kusi\u0119tach powsta\u0142 nowy parking i zewn\u0119trzna\nsi\u0142ownia. Od teraz b\u0119dzie bezpieczniej i \u0142adniej.<\/h2>\n\n\n\n<p>Nowy parking i si\u0142ownia powsta\u0142y dzi\u0119ki dobrej wsp\u00f3\u0142pracy gminy, rady\nso\u0142eckiej, dyrekcji szko\u0142y i Stowarzyszenia \u201eWok\u00f3\u0142 Jeziorka Krasowego\u201d.&nbsp; Uda\u0142o si\u0119 poprawi\u0107 bezpiecze\u0144stwo i podnie\u015b\u0107\nestetyk\u0119 w otoczeniu budynku szko\u0142y.<\/p>\n\n\n\n<p>W ramach projektu pn. \u201eDla zdrowia, przyjemno\u015bci i wsp\u00f3\u0142pracy\u201d na placu szkolnym ustawiono si\u0142owni\u0119 zewn\u0119trzn\u0105, st\u00f3\u0142 piknikowy i \u0142aweczki, kosze na \u015bmieci oraz tablice informacyjne.<\/p>\n\n\n\n<p>Projekt sfinansowano ze \u015brodk\u00f3w unijnych pozyskanych, za po\u015brednictwem PPJ,\nprzez Stowarzyszenie \u201eWok\u00f3\u0142 Jeziorka Krasowego\u201d. Jego warto\u015b\u0107 to prawie 25 tys.\nz\u0142. Dzi\u0119ki wsparciu finansowemu Rady so\u0142eckiej Kusi\u0105t wcze\u015bniej przygotowano\nteren, u\u0142o\u017cono kostk\u0119 brukow\u0105.<\/p>\n\n\n\n<p>Natomiast przed szko\u0142\u0105 wybudowano parking z kostki brukowej. Zadbano o\nbezpieczny i wygodny wjazd z drogi powiatowej. Koszt inwestycji to 38 tys. z\u0142,\nz czego 7 tys. z\u0142 pochodzi z funduszu so\u0142eckiego Kusi\u0105t, 31 tys. z\u0142 z bud\u017cetu\ngminy.<\/p>\n\n\n\n<p>&#8211; Ogromnie cieszymy si\u0119, \u017ce uda\u0142o si\u0119 zrobi\u0107 tak wiele w tak kr\u00f3tkim czasie. Przed nami jeszcze sporo pracy, by stworzy\u0107 estetyczn\u0105 i bezpieczn\u0105 przestrze\u0144 dla uczni\u00f3w i ca\u0142ej spo\u0142eczno\u015bci. \u2013 m\u00f3wi Mariusz \u017bo\u0142\u0119dziewski, dyrektor Szko\u0142y Podstawowej w Kusi\u0119tach.<\/p>\n\n\n\n<p>[post_gallery]<\/p>\n\n\n\n<p>(\u0179r\u00f3d\u0142o: Gmina Olsztyn)<\/p>\n","protected":false},"excerpt":{"rendered":"<p>Przy Szkole Podstawowej w Kusi\u0119tach powsta\u0142 nowy parking i zewn\u0119trzna si\u0142ownia. Od teraz b\u0119dzie bezpieczniej i \u0142adniej. Nowy parking i si\u0142ownia powsta\u0142y dzi\u0119ki dobrej<\/p>\n","protected":false},"author":12,"featured_media":17165,"comment_status":"open","ping_status":"open","sticky":false,"template":"","format":"standard","meta":{"_monsterinsights_skip_tracking":false,"_monsterinsights_sitenote_active":false,"_monsterinsights_sitenote_note":"","_monsterinsights_sitenote_category":0,"_uf_show_specific_survey":0,"_uf_disable_surveys":false,"footnotes":""},"categories":[33,20,94,4,2],"tags":[],"class_list":["post-17163","post","type-post","status-publish","format-standard","has-post-thumbnail","hentry","category-inwestycje","category-budownictwo","category-polecane","category-region","category-wiadomosci"],"_links":{"self":[{"href":"https:\/\/gazetaregionalna.com\/index.php?rest_route=\/wp\/v2\/posts\/17163","targetHints":{"allow":["GET"]}}],"collection":[{"href":"https:\/\/gazetaregionalna.com\/index.php?rest_route=\/wp\/v2\/posts"}],"about":[{"href":"https:\/\/gazetaregionalna.com\/index.php?rest_route=\/wp\/v2\/types\/post"}],"author":[{"embeddable":true,"href":"https:\/\/gazetaregionalna.com\/index.php?rest_route=\/wp\/v2\/users\/12"}],"replies":[{"embeddable":true,"href":"https:\/\/gazetaregionalna.com\/index.php?rest_route=%2Fwp%2Fv2%2Fcomments&post=17163"}],"version-history":[{"count":3,"href":"https:\/\/gazetaregionalna.com\/index.php?rest_route=\/wp\/v2\/posts\/17163\/revisions"}],"predecessor-version":[{"id":17171,"href":"https:\/\/gazetaregionalna.com\/index.php?rest_route=\/wp\/v2\/posts\/17163\/revisions\/17171"}],"wp:featuredmedia":[{"embeddable":true,"href":"https:\/\/gazetaregionalna.com\/index.php?rest_route=\/wp\/v2\/media\/17165"}],"wp:attachment":[{"href":"https:\/\/gazetaregionalna.com\/index.php?rest_route=%2Fwp%2Fv2%2Fmedia&parent=17163"}],"wp:term":[{"taxonomy":"category","embeddable":true,"href":"https:\/\/gazetaregionalna.com\/index.php?rest_route=%2Fwp%2Fv2%2Fcategories&post=17163"},{"taxonomy":"post_tag","embeddable":true,"href":"https:\/\/gazetaregionalna.com\/index.php?rest_route=%2Fwp%2Fv2%2Ftags&post=17163"}],"curies":[{"name":"wp","href":"https:\/\/api.w.org\/{rel}","templated":true}]}}