{"id":17158,"date":"2020-07-28T09:43:08","date_gmt":"2020-07-28T09:43:08","guid":{"rendered":"https:\/\/gazetaregionalna.com\/?p=17158"},"modified":"2020-07-28T09:43:11","modified_gmt":"2020-07-28T09:43:11","slug":"utrudnienia-drogowe","status":"publish","type":"post","link":"https:\/\/gazetaregionalna.com\/?p=17158","title":{"rendered":"Uwaga utrudnienia drogowe \u2013 budowa ronda na skrzy\u017cowaniu dr\u00f3g wojew\u00f3dzkich. Odcinek w Myszkowie Nowej wsi z ruchem wahad\u0142owym"},"content":{"rendered":"\n<p>Jak informuje wykonawca przebudowy drogi wojew\u00f3dzkiej DW789 &#8211; firma DROG-BUD Sp. z o.o., z dniem <strong>29.07.2020 r.<\/strong>, na czas trwania rob\u00f3t, zostaje wprowadzony ruch wahad\u0142owy na przebudowywanym odcinku drogi. Przypominamy, \u017ce ca\u0142kowicie zamkni\u0119ty jest odcinek DW791 (do skrzy\u017cowania Poraj-\u017barki-Kozieg\u0142owy).\u00a0Nowa organizacja ruchu ma zwi\u0105zek z budow\u0105 ronda w tym miejscu.\u00a0<\/p>\n\n\n\n<figure class=\"wp-block-image size-large\"><img decoding=\"async\" width=\"721\" height=\"1024\" data-src=\"https:\/\/gazetaregionalna.com\/wp-content\/uploads\/2020\/07\/dokument-721x1024.jpg\" alt=\"\" class=\"wp-image-17160 lazyload\" data-srcset=\"https:\/\/gazetaregionalna.com\/wp-content\/uploads\/2020\/07\/dokument-721x1024.jpg 721w, https:\/\/gazetaregionalna.com\/wp-content\/uploads\/2020\/07\/dokument-211x300.jpg 211w, https:\/\/gazetaregionalna.com\/wp-content\/uploads\/2020\/07\/dokument-768x1091.jpg 768w, https:\/\/gazetaregionalna.com\/wp-content\/uploads\/2020\/07\/dokument-696x988.jpg 696w, https:\/\/gazetaregionalna.com\/wp-content\/uploads\/2020\/07\/dokument-296x420.jpg 296w, https:\/\/gazetaregionalna.com\/wp-content\/uploads\/2020\/07\/dokument.jpg 845w\" data-sizes=\"(max-width: 721px) 100vw, 721px\" src=\"data:image\/svg+xml;base64,PHN2ZyB3aWR0aD0iMSIgaGVpZ2h0PSIxIiB4bWxucz0iaHR0cDovL3d3dy53My5vcmcvMjAwMC9zdmciPjwvc3ZnPg==\" style=\"--smush-placeholder-width: 721px; --smush-placeholder-aspect-ratio: 721\/1024;\" \/><\/figure>\n\n\n\n<p>(\u0179r\u00f3d\u0142o: Gmina Poraj)<\/p>\n","protected":false},"excerpt":{"rendered":"<p>Jak informuje wykonawca przebudowy drogi wojew\u00f3dzkiej DW789 &#8211; firma DROG-BUD Sp. z o.o., z dniem 29.07.2020 r., na czas trwania rob\u00f3t, zostaje wprowadzony ruch<\/p>\n","protected":false},"author":12,"featured_media":17161,"comment_status":"open","ping_status":"open","sticky":false,"template":"","format":"standard","meta":{"_monsterinsights_skip_tracking":false,"_monsterinsights_sitenote_active":false,"_monsterinsights_sitenote_note":"","_monsterinsights_sitenote_category":0,"_uf_show_specific_survey":0,"_uf_disable_surveys":false,"footnotes":""},"categories":[20,18,26,94,4,2],"tags":[],"class_list":["post-17158","post","type-post","status-publish","format-standard","has-post-thumbnail","hentry","category-budownictwo","category-motoryzacja","category-myszkow","category-polecane","category-region","category-wiadomosci"],"_links":{"self":[{"href":"https:\/\/gazetaregionalna.com\/index.php?rest_route=\/wp\/v2\/posts\/17158","targetHints":{"allow":["GET"]}}],"collection":[{"href":"https:\/\/gazetaregionalna.com\/index.php?rest_route=\/wp\/v2\/posts"}],"about":[{"href":"https:\/\/gazetaregionalna.com\/index.php?rest_route=\/wp\/v2\/types\/post"}],"author":[{"embeddable":true,"href":"https:\/\/gazetaregionalna.com\/index.php?rest_route=\/wp\/v2\/users\/12"}],"replies":[{"embeddable":true,"href":"https:\/\/gazetaregionalna.com\/index.php?rest_route=%2Fwp%2Fv2%2Fcomments&post=17158"}],"version-history":[{"count":2,"href":"https:\/\/gazetaregionalna.com\/index.php?rest_route=\/wp\/v2\/posts\/17158\/revisions"}],"predecessor-version":[{"id":17162,"href":"https:\/\/gazetaregionalna.com\/index.php?rest_route=\/wp\/v2\/posts\/17158\/revisions\/17162"}],"wp:featuredmedia":[{"embeddable":true,"href":"https:\/\/gazetaregionalna.com\/index.php?rest_route=\/wp\/v2\/media\/17161"}],"wp:attachment":[{"href":"https:\/\/gazetaregionalna.com\/index.php?rest_route=%2Fwp%2Fv2%2Fmedia&parent=17158"}],"wp:term":[{"taxonomy":"category","embeddable":true,"href":"https:\/\/gazetaregionalna.com\/index.php?rest_route=%2Fwp%2Fv2%2Fcategories&post=17158"},{"taxonomy":"post_tag","embeddable":true,"href":"https:\/\/gazetaregionalna.com\/index.php?rest_route=%2Fwp%2Fv2%2Ftags&post=17158"}],"curies":[{"name":"wp","href":"https:\/\/api.w.org\/{rel}","templated":true}]}}