{"id":17155,"date":"2020-07-28T09:02:13","date_gmt":"2020-07-28T09:02:13","guid":{"rendered":"https:\/\/gazetaregionalna.com\/?p=17155"},"modified":"2020-07-28T09:02:16","modified_gmt":"2020-07-28T09:02:16","slug":"promocyjny-film","status":"publish","type":"post","link":"https:\/\/gazetaregionalna.com\/?p=17155","title":{"rendered":"Promocyjny film o zalewie w Blachowni"},"content":{"rendered":"\n<h2 class=\"wp-block-heading\">Telewizja NTL nakr\u0119ci\u0142a promocyjny film o zalewie w Blachowni. <\/h2>\n\n\n\n<p>Poni\u017cej film dla tych co jeszcze go nie widzieli. <\/p>\n\n\n\n<figure class=\"wp-block-video\"><video controls src=\"blob:https:\/\/gazetaregionalna.com\/3e1d2c09-c44a-48c1-a23a-aed7cb541a62\"><\/video><\/figure>\n\n\n\n<p>(\u0179r\u00f3d\u0142o: Gmina Blachownia)<\/p>\n","protected":false},"excerpt":{"rendered":"<p>Telewizja NTL nakr\u0119ci\u0142a promocyjny film o zalewie w Blachowni. Poni\u017cej film dla tych co jeszcze go nie widzieli. (\u0179r\u00f3d\u0142o: Gmina Blachownia)<\/p>\n","protected":false},"author":12,"featured_media":16634,"comment_status":"open","ping_status":"open","sticky":false,"template":"","format":"standard","meta":{"_monsterinsights_skip_tracking":false,"_monsterinsights_sitenote_active":false,"_monsterinsights_sitenote_note":"","_monsterinsights_sitenote_category":0,"_uf_show_specific_survey":0,"_uf_disable_surveys":false,"footnotes":""},"categories":[94,3,4,30],"tags":[],"class_list":["post-17155","post","type-post","status-publish","format-standard","has-post-thumbnail","hentry","category-polecane","category-czestochowa-informacje","category-region","category-wypoczynek"],"_links":{"self":[{"href":"https:\/\/gazetaregionalna.com\/index.php?rest_route=\/wp\/v2\/posts\/17155","targetHints":{"allow":["GET"]}}],"collection":[{"href":"https:\/\/gazetaregionalna.com\/index.php?rest_route=\/wp\/v2\/posts"}],"about":[{"href":"https:\/\/gazetaregionalna.com\/index.php?rest_route=\/wp\/v2\/types\/post"}],"author":[{"embeddable":true,"href":"https:\/\/gazetaregionalna.com\/index.php?rest_route=\/wp\/v2\/users\/12"}],"replies":[{"embeddable":true,"href":"https:\/\/gazetaregionalna.com\/index.php?rest_route=%2Fwp%2Fv2%2Fcomments&post=17155"}],"version-history":[{"count":2,"href":"https:\/\/gazetaregionalna.com\/index.php?rest_route=\/wp\/v2\/posts\/17155\/revisions"}],"predecessor-version":[{"id":17157,"href":"https:\/\/gazetaregionalna.com\/index.php?rest_route=\/wp\/v2\/posts\/17155\/revisions\/17157"}],"wp:featuredmedia":[{"embeddable":true,"href":"https:\/\/gazetaregionalna.com\/index.php?rest_route=\/wp\/v2\/media\/16634"}],"wp:attachment":[{"href":"https:\/\/gazetaregionalna.com\/index.php?rest_route=%2Fwp%2Fv2%2Fmedia&parent=17155"}],"wp:term":[{"taxonomy":"category","embeddable":true,"href":"https:\/\/gazetaregionalna.com\/index.php?rest_route=%2Fwp%2Fv2%2Fcategories&post=17155"},{"taxonomy":"post_tag","embeddable":true,"href":"https:\/\/gazetaregionalna.com\/index.php?rest_route=%2Fwp%2Fv2%2Ftags&post=17155"}],"curies":[{"name":"wp","href":"https:\/\/api.w.org\/{rel}","templated":true}]}}