{"id":17146,"date":"2020-07-28T08:34:23","date_gmt":"2020-07-28T08:34:23","guid":{"rendered":"https:\/\/gazetaregionalna.com\/?p=17146"},"modified":"2020-07-28T08:34:26","modified_gmt":"2020-07-28T08:34:26","slug":"problem-dzikow","status":"publish","type":"post","link":"https:\/\/gazetaregionalna.com\/?p=17146","title":{"rendered":"Problem dzik\u00f3w na terenach miejskich w Blachowni tematem spotkania w Starostwie Powiatowym w Cz\u0119stochowie"},"content":{"rendered":"\n<p>23 lipca br. odby\u0142o si\u0119 spotkanie w Starostwie\nPowiatowym w Cz\u0119stochowie, na kt\u00f3rym uczestnicy spotkania szukali rozwi\u0105zania jak\nporadzi\u0107 sobie z obecno\u015bci\u0105 dzik\u00f3w na terenach miejskich Blachowni. <\/p>\n\n\n\n<p>W konferencji wzi\u0105\u0142 udzia\u0142 Cz\u0142onek Zarz\u0105du\nPowiatu Cz\u0119stochowskiego Adam Morzyk, przedstawiciele Wydzia\u0142u Ochrony\n\u015arodowiska, Rolnictwa i Le\u015bnictwa, K\u00f3\u0142 \u0141owieckich \u201eUroczysko\u201d i \u201eCietrzew\u201d,\nNadle\u015bnictwa Herby, UM Blachownia i Zarz\u0105du Mienia Komunalnego w Blachowni.<\/p>\n\n\n\n<p><em>-\u201ePrzepisy dotycz\u0105ce dzikiej zwierzyny, kt\u00f3ra dostaje si\u0119 na tereny miejskie, s\u0105 niedoprecyzowane. Zebrali\u015bmy si\u0119 tu jednak, aby wypracowa\u0107 p\u0142aszczyzn\u0119 porozumienia, dzi\u0119ki kt\u00f3rej, b\u0119dziemy mogli poradzi\u0107 sobie z tym problemem\u201d\u00a0<\/em>\u2013 m\u00f3wi Adam Morzyk.<\/p>\n\n\n\n<p>Jak wynika z wizji lokalnych, przyczyn\u0105\npojawiania si\u0119 dzik\u00f3w na terenach miejskich jest pozostawianie w du\u017cych\nilo\u015bciach po\u017cywienia przez ludzi tj. jab\u0142ka, czere\u015bnie, pieczywo. Jest to\ng\u0142\u00f3wn\u0105 przyczyn\u0105 ich migracji. Dodatkowo zwierz\u0119ta te znajduj\u0105 dobre warunki do\nschronienia i rozmna\u017cania. <\/p>\n\n\n\n<p>Jak zapewniaj\u0105 przedstawiciele k\u00f3\u0142 \u0142owieckich,\nwyeliminowanie tych czynnik\u00f3w spowoduje wyprowadzk\u0119 niechcianych go\u015bci.<\/p>\n\n\n\n<p>Podczas spotkania ustalono, \u017ce w pierwszej kolejno\u015bci maj\u0105 by\u0107 podj\u0119te dzia\u0142ania prewencyjne i edukacyjne.<\/p>\n\n\n\n<p>[post_gallery]<\/p>\n\n\n\n<p>(\u0179r\u00f3d\u0142o: Powiat Cz\u0119stochowski)<\/p>\n","protected":false},"excerpt":{"rendered":"<p>23 lipca br. odby\u0142o si\u0119 spotkanie w Starostwie Powiatowym w Cz\u0119stochowie, na kt\u00f3rym uczestnicy spotkania szukali rozwi\u0105zania jak poradzi\u0107 sobie z obecno\u015bci\u0105 dzik\u00f3w na<\/p>\n","protected":false},"author":12,"featured_media":17153,"comment_status":"open","ping_status":"open","sticky":false,"template":"","format":"standard","meta":{"_monsterinsights_skip_tracking":false,"_monsterinsights_sitenote_active":false,"_monsterinsights_sitenote_note":"","_monsterinsights_sitenote_category":0,"_uf_show_specific_survey":0,"_uf_disable_surveys":false,"footnotes":""},"categories":[29,3,94,4,2],"tags":[],"class_list":["post-17146","post","type-post","status-publish","format-standard","has-post-thumbnail","hentry","category-ekologia","category-czestochowa-informacje","category-polecane","category-region","category-wiadomosci"],"_links":{"self":[{"href":"https:\/\/gazetaregionalna.com\/index.php?rest_route=\/wp\/v2\/posts\/17146","targetHints":{"allow":["GET"]}}],"collection":[{"href":"https:\/\/gazetaregionalna.com\/index.php?rest_route=\/wp\/v2\/posts"}],"about":[{"href":"https:\/\/gazetaregionalna.com\/index.php?rest_route=\/wp\/v2\/types\/post"}],"author":[{"embeddable":true,"href":"https:\/\/gazetaregionalna.com\/index.php?rest_route=\/wp\/v2\/users\/12"}],"replies":[{"embeddable":true,"href":"https:\/\/gazetaregionalna.com\/index.php?rest_route=%2Fwp%2Fv2%2Fcomments&post=17146"}],"version-history":[{"count":3,"href":"https:\/\/gazetaregionalna.com\/index.php?rest_route=\/wp\/v2\/posts\/17146\/revisions"}],"predecessor-version":[{"id":17154,"href":"https:\/\/gazetaregionalna.com\/index.php?rest_route=\/wp\/v2\/posts\/17146\/revisions\/17154"}],"wp:featuredmedia":[{"embeddable":true,"href":"https:\/\/gazetaregionalna.com\/index.php?rest_route=\/wp\/v2\/media\/17153"}],"wp:attachment":[{"href":"https:\/\/gazetaregionalna.com\/index.php?rest_route=%2Fwp%2Fv2%2Fmedia&parent=17146"}],"wp:term":[{"taxonomy":"category","embeddable":true,"href":"https:\/\/gazetaregionalna.com\/index.php?rest_route=%2Fwp%2Fv2%2Fcategories&post=17146"},{"taxonomy":"post_tag","embeddable":true,"href":"https:\/\/gazetaregionalna.com\/index.php?rest_route=%2Fwp%2Fv2%2Ftags&post=17146"}],"curies":[{"name":"wp","href":"https:\/\/api.w.org\/{rel}","templated":true}]}}