{"id":17137,"date":"2020-07-28T07:36:19","date_gmt":"2020-07-28T07:36:19","guid":{"rendered":"https:\/\/gazetaregionalna.com\/?p=17137"},"modified":"2020-07-28T07:36:21","modified_gmt":"2020-07-28T07:36:21","slug":"interweniowali-na-zalewie","status":"publish","type":"post","link":"https:\/\/gazetaregionalna.com\/?p=17137","title":{"rendered":"Mundurowi interweniowali na zalewie w Poraju. Sprawnie przeprowadzili akcj\u0119 ratownicz\u0105"},"content":{"rendered":"\n<h2 class=\"wp-block-heading\">Mundurowi w zaledwie kilkana\u015bcie minut uratowali dwie za\u0142ogi p\u0142ywaj\u0105ce rowerami wodnymi na zalewie w Poraju.<\/h2>\n\n\n\n<p>Policjanci z Samodzielnego Pododdzia\u0142u Prewencji Policji z Cz\u0119stochowy pe\u0142ni\u0105cy s\u0142u\u017cb\u0119 w sezonowej kom\u00f3rce wodnej w Poraju 26 lipca br. oko\u0142o godziny 19.00 podczas patrolu zbiornika wodnego zostali skierowani przez dy\u017curnego myszkowskiej komendy w rejon przystani Marina. Znajdowa\u0142y si\u0119 tam osoby p\u0142ywaj\u0105ce na rowerach wodnych. Nag\u0142a zmiana warunk\u00f3w atmosferycznych tj. silne podmuchy wiatru, opady deszczu oraz wysokie fale spowodowa\u0142y, \u017ce za\u0142ogi rower\u00f3w wodnych mia\u0142y problem z dop\u0142yni\u0119ciem do przystani.<\/p>\n\n\n\n<p>Policyjni\nwodniacy ruszyli z pomoc\u0105 w okolic\u0119 pla\u017cy w Poraju. Tam zauwa\u017cyli dwie osoby\np\u0142ywaj\u0105ce rowerem wodnym, kt\u00f3re macha\u0142y w kierunku mundurowych, wo\u0142aj\u0105c w ten\nspos\u00f3b o pomoc. <\/p>\n\n\n\n<p>Policjanci pomogli 32-letniej kobiecie oraz 25-letniemu m\u0119\u017cczy\u017anie, kt\u00f3rych silny wiatr i wysoka fala znosi\u0142a na przeciwny brzeg zbiornika. Dwuosobowa za\u0142oga bezpiecznie trafi\u0142a na pok\u0142ad policyjnej \u0142odzi, a ich rower zosta\u0142 odholowany na l\u0105d.<\/p>\n\n\n\n<p>Z\npowodu pogarszaj\u0105cej si\u0119 pogody policjanci podj\u0119li patrol w trosce o bezpieczne\nsp\u0142yni\u0119cie jednostek do swoich pomost\u00f3w.<\/p>\n\n\n\n<p>Oko\u0142o\n200 metr\u00f3w od brzegu znajdowa\u0142a si\u0119 czteroosobowa za\u0142oga nastolatk\u00f3w, kt\u00f3ra\ntak\u017ce p\u0142ywa\u0142a rowerem wodnym. Nastolatkom w wieku od 16 do 17 lat pomog\u0142a wodna\nstra\u017c z OSP z Poraja zabieraj\u0105c ich na pok\u0142ad \u0142odzi. Policjanci natomiast\nodholowali rower wodny do brzegu.<\/p>\n\n\n\n<p>\u017baden\nz uczestnik\u00f3w przeprowadzonych akcji nie potrzebowa\u0142 pomocy medycznej.<\/p>\n\n\n\n<p>&nbsp;(\u0179r\u00f3d\u0142o: KMP Cz\u0119stochowa)<\/p>\n","protected":false},"excerpt":{"rendered":"<p>Mundurowi w zaledwie kilkana\u015bcie minut uratowali dwie za\u0142ogi p\u0142ywaj\u0105ce rowerami wodnymi na zalewie w Poraju. Policjanci z Samodzielnego Pododdzia\u0142u Prewencji Policji z Cz\u0119stochowy pe\u0142ni\u0105cy<\/p>\n","protected":false},"author":12,"featured_media":17139,"comment_status":"open","ping_status":"open","sticky":false,"template":"","format":"standard","meta":{"_monsterinsights_skip_tracking":false,"_monsterinsights_sitenote_active":false,"_monsterinsights_sitenote_note":"","_monsterinsights_sitenote_category":0,"_uf_show_specific_survey":0,"_uf_disable_surveys":false,"footnotes":""},"categories":[44,3,26,94,4,2],"tags":[],"class_list":["post-17137","post","type-post","status-publish","format-standard","has-post-thumbnail","hentry","category-bezpieczenstwo","category-czestochowa-informacje","category-myszkow","category-polecane","category-region","category-wiadomosci"],"_links":{"self":[{"href":"https:\/\/gazetaregionalna.com\/index.php?rest_route=\/wp\/v2\/posts\/17137","targetHints":{"allow":["GET"]}}],"collection":[{"href":"https:\/\/gazetaregionalna.com\/index.php?rest_route=\/wp\/v2\/posts"}],"about":[{"href":"https:\/\/gazetaregionalna.com\/index.php?rest_route=\/wp\/v2\/types\/post"}],"author":[{"embeddable":true,"href":"https:\/\/gazetaregionalna.com\/index.php?rest_route=\/wp\/v2\/users\/12"}],"replies":[{"embeddable":true,"href":"https:\/\/gazetaregionalna.com\/index.php?rest_route=%2Fwp%2Fv2%2Fcomments&post=17137"}],"version-history":[{"count":2,"href":"https:\/\/gazetaregionalna.com\/index.php?rest_route=\/wp\/v2\/posts\/17137\/revisions"}],"predecessor-version":[{"id":17140,"href":"https:\/\/gazetaregionalna.com\/index.php?rest_route=\/wp\/v2\/posts\/17137\/revisions\/17140"}],"wp:featuredmedia":[{"embeddable":true,"href":"https:\/\/gazetaregionalna.com\/index.php?rest_route=\/wp\/v2\/media\/17139"}],"wp:attachment":[{"href":"https:\/\/gazetaregionalna.com\/index.php?rest_route=%2Fwp%2Fv2%2Fmedia&parent=17137"}],"wp:term":[{"taxonomy":"category","embeddable":true,"href":"https:\/\/gazetaregionalna.com\/index.php?rest_route=%2Fwp%2Fv2%2Fcategories&post=17137"},{"taxonomy":"post_tag","embeddable":true,"href":"https:\/\/gazetaregionalna.com\/index.php?rest_route=%2Fwp%2Fv2%2Ftags&post=17137"}],"curies":[{"name":"wp","href":"https:\/\/api.w.org\/{rel}","templated":true}]}}